{"id":991,"date":"2021-10-05T19:16:22","date_gmt":"2021-10-05T22:16:22","guid":{"rendered":"https:\/\/ifdcregina.edu.ar\/sitio\/?p=991"},"modified":"2021-10-05T19:16:23","modified_gmt":"2021-10-05T22:16:23","slug":"reunion-con-el-coordinador-ave","status":"publish","type":"post","link":"https:\/\/ifdcregina.edu.ar\/sitio\/varios\/reunion-con-el-coordinador-ave\/","title":{"rendered":"Reuni\u00f3n con el Coordinador AVE"},"content":{"rendered":"\t\t<div data-elementor-type=\"wp-post\" data-elementor-id=\"991\" class=\"elementor elementor-991\">\n\t\t\t\t\t\t\t\t\t<section class=\"elementor-section elementor-top-section elementor-element elementor-element-40ebb66 elementor-section-boxed elementor-section-height-default elementor-section-height-default\" data-id=\"40ebb66\" data-element_type=\"section\">\n\t\t\t\t\t\t<div class=\"elementor-container elementor-column-gap-default\">\n\t\t\t\t\t<div class=\"elementor-column elementor-col-100 elementor-top-column elementor-element elementor-element-eca7154\" data-id=\"eca7154\" data-element_type=\"column\">\n\t\t\t<div class=\"elementor-widget-wrap elementor-element-populated\">\n\t\t\t\t\t\t\t\t<div class=\"elementor-element elementor-element-96c2b0e elementor-widget elementor-widget-image\" data-id=\"96c2b0e\" data-element_type=\"widget\" data-widget_type=\"image.default\">\n\t\t\t\t<div class=\"elementor-widget-container\">\n\t\t\t<style>\/*! elementor - v3.11.1 - 15-02-2023 *\/\n.elementor-widget-image{text-align:center}.elementor-widget-image a{display:inline-block}.elementor-widget-image a img[src$=\".svg\"]{width:48px}.elementor-widget-image img{vertical-align:middle;display:inline-block}<\/style>\t\t\t\t\t\t\t\t\t\t\t\t<img decoding=\"async\" src=\"https:\/\/lh3.googleusercontent.com\/alOEESlfc_4k5Yd9xphF8Ivhir1qsbxPHMilirgHhySsqZR5XX_b5SmH7yCpN-Cw6FKWuUHlH2B0txY3iiT-UJA3ymnzfQlgoCe8kfjgCU-KaKYrd5Kv0ynag7Gdfcgf3z6bV0HhMw=w2400\" title=\"\" alt=\"\" loading=\"lazy\" \/>\t\t\t\t\t\t\t\t\t\t\t\t\t\t\t<\/div>\n\t\t\t\t<\/div>\n\t\t\t\t\t<\/div>\n\t\t<\/div>\n\t\t\t\t\t\t\t<\/div>\n\t\t<\/section>\n\t\t\t\t<section class=\"elementor-section elementor-top-section elementor-element elementor-element-53b2e87 elementor-section-boxed elementor-section-height-default elementor-section-height-default\" data-id=\"53b2e87\" data-element_type=\"section\">\n\t\t\t\t\t\t<div class=\"elementor-container elementor-column-gap-default\">\n\t\t\t\t\t<div class=\"elementor-column elementor-col-100 elementor-top-column elementor-element elementor-element-5e1b20c\" data-id=\"5e1b20c\" data-element_type=\"column\">\n\t\t\t<div class=\"elementor-widget-wrap elementor-element-populated\">\n\t\t\t\t\t\t\t\t<div class=\"elementor-element elementor-element-0547326 elementor-widget elementor-widget-text-editor\" data-id=\"0547326\" data-element_type=\"widget\" data-widget_type=\"text-editor.default\">\n\t\t\t\t<div class=\"elementor-widget-container\">\n\t\t\t<style>\/*! elementor - v3.11.1 - 15-02-2023 *\/\n.elementor-widget-text-editor.elementor-drop-cap-view-stacked .elementor-drop-cap{background-color:#818a91;color:#fff}.elementor-widget-text-editor.elementor-drop-cap-view-framed .elementor-drop-cap{color:#818a91;border:3px solid;background-color:transparent}.elementor-widget-text-editor:not(.elementor-drop-cap-view-default) .elementor-drop-cap{margin-top:8px}.elementor-widget-text-editor:not(.elementor-drop-cap-view-default) .elementor-drop-cap-letter{width:1em;height:1em}.elementor-widget-text-editor .elementor-drop-cap{float:left;text-align:center;line-height:1;font-size:50px}.elementor-widget-text-editor .elementor-drop-cap-letter{display:inline-block}<\/style>\t\t\t\t<p>El Director del IFDC, prof. Jorge Haap y el Coordinador de Formaci\u00f3n Inicial, Prof. Christian Ahrensburg; se reunieron en el d\u00eda de la fecha con el Coordinador del Consejo Escolar, Prof. Marcelo Coppe con el fin de solicitar una proyecci\u00f3n edilicia que posibilite el adecuado desarrollo de todas actividades de Nivel Superior que lleva adelante la instituci\u00f3n (reformas y adecuaci\u00f3n de espacios, la construcci\u00f3n de m\u00e1s ba\u00f1os, extensi\u00f3n del alambrados sobre calle Arrayanes, etc). Tambi\u00e9n se abordaron las problem\u00e1ticas m\u00e1s urgentes que a\u00fan quedan pendientes, tales como la reparaci\u00f3n de cenefas, la revisi\u00f3n de las instalaciones el\u00e9ctricas, ventilaci\u00f3n de pasillos, pintura del SUM, creaci\u00f3n de un estacionamiento para el IFDC, entre otras.<br \/>Recordamos que en este \u00faltimo tiempo se logr\u00f3 el reparaci\u00f3n de sanitarios, la instalaci\u00f3n de una puerta de emergencias, la construcci\u00f3n de una salida sobre calle Arrayanes, mejoras en el servicio de Internet y la instalaci\u00f3n de un kit de alarma en las aulas nuevas.<\/p>\t\t\t\t\t\t<\/div>\n\t\t\t\t<\/div>\n\t\t\t\t\t<\/div>\n\t\t<\/div>\n\t\t\t\t\t\t\t<\/div>\n\t\t<\/section>\n\t\t\t\t\t\t\t<\/div>\n\t\t","protected":false},"excerpt":{"rendered":"<p>El Director del IFDC, prof. Jorge Haap y el Coordinador de Formaci\u00f3n Inicial, Prof. Christian Ahrensburg; se reunieron en el d\u00eda de la fecha con el Coordinador del Consejo Escolar, Prof. Marcelo Coppe con el fin de solicitar una proyecci\u00f3n edilicia que posibilite el adecuado desarrollo de todas actividades de Nivel Superior que lleva adelante [&hellip;]<\/p>\n","protected":false},"author":1,"featured_media":1,"comment_status":"closed","ping_status":"open","sticky":false,"template":"","format":"standard","meta":{"footnotes":""},"categories":[1],"tags":[],"class_list":["post-991","post","type-post","status-publish","format-standard","has-post-thumbnail","hentry","category-varios"],"_links":{"self":[{"href":"https:\/\/ifdcregina.edu.ar\/sitio\/wp-json\/wp\/v2\/posts\/991","targetHints":{"allow":["GET"]}}],"collection":[{"href":"https:\/\/ifdcregina.edu.ar\/sitio\/wp-json\/wp\/v2\/posts"}],"about":[{"href":"https:\/\/ifdcregina.edu.ar\/sitio\/wp-json\/wp\/v2\/types\/post"}],"author":[{"embeddable":true,"href":"https:\/\/ifdcregina.edu.ar\/sitio\/wp-json\/wp\/v2\/users\/1"}],"replies":[{"embeddable":true,"href":"https:\/\/ifdcregina.edu.ar\/sitio\/wp-json\/wp\/v2\/comments?post=991"}],"version-history":[{"count":5,"href":"https:\/\/ifdcregina.edu.ar\/sitio\/wp-json\/wp\/v2\/posts\/991\/revisions"}],"predecessor-version":[{"id":996,"href":"https:\/\/ifdcregina.edu.ar\/sitio\/wp-json\/wp\/v2\/posts\/991\/revisions\/996"}],"wp:featuredmedia":[{"embeddable":true,"href":"https:\/\/ifdcregina.edu.ar\/sitio\/wp-json\/"}],"wp:attachment":[{"href":"https:\/\/ifdcregina.edu.ar\/sitio\/wp-json\/wp\/v2\/media?parent=991"}],"wp:term":[{"taxonomy":"category","embeddable":true,"href":"https:\/\/ifdcregina.edu.ar\/sitio\/wp-json\/wp\/v2\/categories?post=991"},{"taxonomy":"post_tag","embeddable":true,"href":"https:\/\/ifdcregina.edu.ar\/sitio\/wp-json\/wp\/v2\/tags?post=991"}],"curies":[{"name":"wp","href":"https:\/\/api.w.org\/{rel}","templated":true}]}}