{"id":977,"date":"2021-10-05T10:16:47","date_gmt":"2021-10-05T13:16:47","guid":{"rendered":"https:\/\/ifdcregina.edu.ar\/sitio\/?p=977"},"modified":"2021-10-05T18:45:59","modified_gmt":"2021-10-05T21:45:59","slug":"repensando-la-ensenanza-y-el-aprendizaje-de-la-matematica","status":"publish","type":"post","link":"https:\/\/ifdcregina.edu.ar\/sitio\/varios\/repensando-la-ensenanza-y-el-aprendizaje-de-la-matematica\/","title":{"rendered":"Repensando la ense\u00f1anza y el aprendizaje de la matem\u00e1tica"},"content":{"rendered":"\t\t<div data-elementor-type=\"wp-post\" data-elementor-id=\"977\" class=\"elementor elementor-977\">\n\t\t\t\t\t\t\t\t\t<section class=\"elementor-section elementor-top-section elementor-element elementor-element-0679614 elementor-section-boxed elementor-section-height-default elementor-section-height-default\" data-id=\"0679614\" data-element_type=\"section\">\n\t\t\t\t\t\t<div class=\"elementor-container elementor-column-gap-default\">\n\t\t\t\t\t<div class=\"elementor-column elementor-col-100 elementor-top-column elementor-element elementor-element-c1a93e3\" data-id=\"c1a93e3\" data-element_type=\"column\">\n\t\t\t<div class=\"elementor-widget-wrap elementor-element-populated\">\n\t\t\t\t\t\t\t\t<div class=\"elementor-element elementor-element-0880482 elementor-widget elementor-widget-heading\" data-id=\"0880482\" data-element_type=\"widget\" data-widget_type=\"heading.default\">\n\t\t\t\t<div class=\"elementor-widget-container\">\n\t\t\t<style>\/*! elementor - v3.11.1 - 15-02-2023 *\/\n.elementor-heading-title{padding:0;margin:0;line-height:1}.elementor-widget-heading .elementor-heading-title[class*=elementor-size-]>a{color:inherit;font-size:inherit;line-height:inherit}.elementor-widget-heading .elementor-heading-title.elementor-size-small{font-size:15px}.elementor-widget-heading .elementor-heading-title.elementor-size-medium{font-size:19px}.elementor-widget-heading .elementor-heading-title.elementor-size-large{font-size:29px}.elementor-widget-heading .elementor-heading-title.elementor-size-xl{font-size:39px}.elementor-widget-heading .elementor-heading-title.elementor-size-xxl{font-size:59px}<\/style><h2 class=\"elementor-heading-title elementor-size-default\">Las pr\u00f3ximas fechas ser\u00e1n el 7 y 15 de octubre a las 18.<\/h2>\t\t<\/div>\n\t\t\t\t<\/div>\n\t\t\t\t\t<\/div>\n\t\t<\/div>\n\t\t\t\t\t\t\t<\/div>\n\t\t<\/section>\n\t\t\t\t<section class=\"elementor-section elementor-top-section elementor-element elementor-element-205933d elementor-section-boxed elementor-section-height-default elementor-section-height-default\" data-id=\"205933d\" data-element_type=\"section\">\n\t\t\t\t\t\t<div class=\"elementor-container elementor-column-gap-default\">\n\t\t\t\t\t<div class=\"elementor-column elementor-col-100 elementor-top-column elementor-element elementor-element-1ea07dd\" data-id=\"1ea07dd\" data-element_type=\"column\">\n\t\t\t<div class=\"elementor-widget-wrap elementor-element-populated\">\n\t\t\t\t\t\t\t\t<div class=\"elementor-element elementor-element-f185b07 elementor-widget elementor-widget-text-editor\" data-id=\"f185b07\" data-element_type=\"widget\" data-widget_type=\"text-editor.default\">\n\t\t\t\t<div class=\"elementor-widget-container\">\n\t\t\t<style>\/*! elementor - v3.11.1 - 15-02-2023 *\/\n.elementor-widget-text-editor.elementor-drop-cap-view-stacked .elementor-drop-cap{background-color:#818a91;color:#fff}.elementor-widget-text-editor.elementor-drop-cap-view-framed .elementor-drop-cap{color:#818a91;border:3px solid;background-color:transparent}.elementor-widget-text-editor:not(.elementor-drop-cap-view-default) .elementor-drop-cap{margin-top:8px}.elementor-widget-text-editor:not(.elementor-drop-cap-view-default) .elementor-drop-cap-letter{width:1em;height:1em}.elementor-widget-text-editor .elementor-drop-cap{float:left;text-align:center;line-height:1;font-size:50px}.elementor-widget-text-editor .elementor-drop-cap-letter{display:inline-block}<\/style>\t\t\t\t<p>En el marco de los cursos de capacitaci\u00f3n organizados por <a href=\"https:\/\/www.facebook.com\/formacionpermanenterionegro\">Formaci\u00f3n Permanente <\/a>del Ministerio de Educaci\u00f3n y DDHH de R\u00edo Negro, docentes de diversos IFDC abordan la ense\u00f1anza de la matem\u00e1tica en la escuela. De dichos asesoramientos, forman parte profesoras de nuestra casa de estudios.<\/p><p>Las pr\u00f3ximas citas son el 7 y, luego, el 15 de octubre a las 18 en el canal de <a href=\"https:\/\/www.youtube.com\/c\/CanalMinEduRN\">Youtube del Ministerio de Educaci\u00f3n.<\/a><\/p>\t\t\t\t\t\t<\/div>\n\t\t\t\t<\/div>\n\t\t\t\t\t<\/div>\n\t\t<\/div>\n\t\t\t\t\t\t\t<\/div>\n\t\t<\/section>\n\t\t\t\t<section class=\"elementor-section elementor-top-section elementor-element elementor-element-663ff19 elementor-section-boxed elementor-section-height-default elementor-section-height-default\" data-id=\"663ff19\" data-element_type=\"section\">\n\t\t\t\t\t\t<div class=\"elementor-container elementor-column-gap-default\">\n\t\t\t\t\t<div class=\"elementor-column elementor-col-100 elementor-top-column elementor-element elementor-element-4a27acd\" data-id=\"4a27acd\" data-element_type=\"column\">\n\t\t\t<div class=\"elementor-widget-wrap elementor-element-populated\">\n\t\t\t\t\t\t\t\t<div class=\"elementor-element elementor-element-395e4e6 elementor-widget elementor-widget-image\" data-id=\"395e4e6\" data-element_type=\"widget\" data-widget_type=\"image.default\">\n\t\t\t\t<div class=\"elementor-widget-container\">\n\t\t\t<style>\/*! elementor - v3.11.1 - 15-02-2023 *\/\n.elementor-widget-image{text-align:center}.elementor-widget-image a{display:inline-block}.elementor-widget-image a img[src$=\".svg\"]{width:48px}.elementor-widget-image img{vertical-align:middle;display:inline-block}<\/style>\t\t\t\t\t\t\t\t\t\t\t\t<img decoding=\"async\" src=\"https:\/\/lh3.googleusercontent.com\/bhR7MQRMMhHS2-n1eslBNKnT3Cz0fh2nInNdykPoQ5wNqU9lE0yzkTArk23BZshUgX6tcuh0iawCWp0cJoLZXmN9rXhvIY7a9yY_OJjPZa1M_ZXBDgLfj5mk1EuJaRL0wFpAn3t2=w2400\" title=\"\" alt=\"\" loading=\"lazy\" \/>\t\t\t\t\t\t\t\t\t\t\t\t\t\t\t<\/div>\n\t\t\t\t<\/div>\n\t\t\t\t\t<\/div>\n\t\t<\/div>\n\t\t\t\t\t\t\t<\/div>\n\t\t<\/section>\n\t\t\t\t\t\t\t<\/div>\n\t\t","protected":false},"excerpt":{"rendered":"<p>Las pr\u00f3ximas fechas ser\u00e1n el 7 y 15 de octubre a las 18. En el marco de los cursos de capacitaci\u00f3n organizados por Formaci\u00f3n Permanente del Ministerio de Educaci\u00f3n y DDHH de R\u00edo Negro, docentes de diversos IFDC abordan la ense\u00f1anza de la matem\u00e1tica en la escuela. De dichos asesoramientos, forman parte profesoras de nuestra [&hellip;]<\/p>\n","protected":false},"author":1,"featured_media":1,"comment_status":"closed","ping_status":"open","sticky":false,"template":"","format":"standard","meta":{"footnotes":""},"categories":[1],"tags":[],"class_list":["post-977","post","type-post","status-publish","format-standard","has-post-thumbnail","hentry","category-varios"],"_links":{"self":[{"href":"https:\/\/ifdcregina.edu.ar\/sitio\/wp-json\/wp\/v2\/posts\/977","targetHints":{"allow":["GET"]}}],"collection":[{"href":"https:\/\/ifdcregina.edu.ar\/sitio\/wp-json\/wp\/v2\/posts"}],"about":[{"href":"https:\/\/ifdcregina.edu.ar\/sitio\/wp-json\/wp\/v2\/types\/post"}],"author":[{"embeddable":true,"href":"https:\/\/ifdcregina.edu.ar\/sitio\/wp-json\/wp\/v2\/users\/1"}],"replies":[{"embeddable":true,"href":"https:\/\/ifdcregina.edu.ar\/sitio\/wp-json\/wp\/v2\/comments?post=977"}],"version-history":[{"count":12,"href":"https:\/\/ifdcregina.edu.ar\/sitio\/wp-json\/wp\/v2\/posts\/977\/revisions"}],"predecessor-version":[{"id":990,"href":"https:\/\/ifdcregina.edu.ar\/sitio\/wp-json\/wp\/v2\/posts\/977\/revisions\/990"}],"wp:featuredmedia":[{"embeddable":true,"href":"https:\/\/ifdcregina.edu.ar\/sitio\/wp-json\/"}],"wp:attachment":[{"href":"https:\/\/ifdcregina.edu.ar\/sitio\/wp-json\/wp\/v2\/media?parent=977"}],"wp:term":[{"taxonomy":"category","embeddable":true,"href":"https:\/\/ifdcregina.edu.ar\/sitio\/wp-json\/wp\/v2\/categories?post=977"},{"taxonomy":"post_tag","embeddable":true,"href":"https:\/\/ifdcregina.edu.ar\/sitio\/wp-json\/wp\/v2\/tags?post=977"}],"curies":[{"name":"wp","href":"https:\/\/api.w.org\/{rel}","templated":true}]}}