{"id":970,"date":"2021-10-05T09:54:59","date_gmt":"2021-10-05T12:54:59","guid":{"rendered":"https:\/\/ifdcregina.edu.ar\/sitio\/?p=970"},"modified":"2021-10-05T09:59:16","modified_gmt":"2021-10-05T12:59:16","slug":"se-sustancio-el-encuentro-descubri-miento-conquista-y-desmemoria","status":"publish","type":"post","link":"https:\/\/ifdcregina.edu.ar\/sitio\/varios\/se-sustancio-el-encuentro-descubri-miento-conquista-y-desmemoria\/","title":{"rendered":"Se sustanci\u00f3 el encuentro: Descubri-miento: conquista y desmemoria"},"content":{"rendered":"\t\t<div data-elementor-type=\"wp-post\" data-elementor-id=\"970\" class=\"elementor elementor-970\">\n\t\t\t\t\t\t\t\t\t<section class=\"elementor-section elementor-top-section elementor-element elementor-element-147b5ca8 elementor-section-boxed elementor-section-height-default elementor-section-height-default\" data-id=\"147b5ca8\" data-element_type=\"section\">\n\t\t\t\t\t\t<div class=\"elementor-container elementor-column-gap-default\">\n\t\t\t\t\t<div class=\"elementor-column elementor-col-100 elementor-top-column elementor-element elementor-element-156efcc1\" data-id=\"156efcc1\" data-element_type=\"column\">\n\t\t\t<div class=\"elementor-widget-wrap elementor-element-populated\">\n\t\t\t\t\t\t\t\t<div class=\"elementor-element elementor-element-43cab235 elementor-widget elementor-widget-text-editor\" data-id=\"43cab235\" data-element_type=\"widget\" data-widget_type=\"text-editor.default\">\n\t\t\t\t<div class=\"elementor-widget-container\">\n\t\t\t<style>\/*! elementor - v3.11.1 - 15-02-2023 *\/\n.elementor-widget-text-editor.elementor-drop-cap-view-stacked .elementor-drop-cap{background-color:#818a91;color:#fff}.elementor-widget-text-editor.elementor-drop-cap-view-framed .elementor-drop-cap{color:#818a91;border:3px solid;background-color:transparent}.elementor-widget-text-editor:not(.elementor-drop-cap-view-default) .elementor-drop-cap{margin-top:8px}.elementor-widget-text-editor:not(.elementor-drop-cap-view-default) .elementor-drop-cap-letter{width:1em;height:1em}.elementor-widget-text-editor .elementor-drop-cap{float:left;text-align:center;line-height:1;font-size:50px}.elementor-widget-text-editor .elementor-drop-cap-letter{display:inline-block}<\/style>\t\t\t\t<!-- wp:paragraph -->\n<p>Se llev\u00f3 a cabo el pasado 30 de septiembre. Cont\u00f3 con la participaci\u00f3n de docentes del \u00c1rea de Ciencias Sociales de nuestra instituci\u00f3n. <\/p>\n<!-- \/wp:paragraph -->\t\t\t\t\t\t<\/div>\n\t\t\t\t<\/div>\n\t\t\t\t\t<\/div>\n\t\t<\/div>\n\t\t\t\t\t\t\t<\/div>\n\t\t<\/section>\n\t\t\t\t<section class=\"elementor-section elementor-top-section elementor-element elementor-element-0de37f4 elementor-section-boxed elementor-section-height-default elementor-section-height-default\" data-id=\"0de37f4\" data-element_type=\"section\">\n\t\t\t\t\t\t<div class=\"elementor-container elementor-column-gap-default\">\n\t\t\t\t\t<div class=\"elementor-column elementor-col-100 elementor-top-column elementor-element elementor-element-6a13afc\" data-id=\"6a13afc\" data-element_type=\"column\">\n\t\t\t<div class=\"elementor-widget-wrap elementor-element-populated\">\n\t\t\t\t\t\t\t\t<div class=\"elementor-element elementor-element-532aa57 elementor-widget elementor-widget-text-editor\" data-id=\"532aa57\" data-element_type=\"widget\" data-widget_type=\"text-editor.default\">\n\t\t\t\t<div class=\"elementor-widget-container\">\n\t\t\t\t\t\t\t<div style=\"font-family: var( --e-global-typography-text-font-family ), Sans-serif; font-weight: 400; width: 829.25px;\" data-id=\"6b13af1\" data-element_type=\"widget\" data-widget_type=\"text-editor.default\">\n<div>\n<p>El encuentro estuvo organizado por la C\u00e1tedra de Historia Regional Patag\u00f3nica del IFDC de El Bols\u00f3n. All\u00ed disert\u00f3 el psic\u00f3logo e investigador, Marcelo Valko. Adem\u00e1s, cont\u00f3 con la participaci\u00f3n de docentes del \u00e1rea de Ciencias Sociales del IFDC de Villa Regina, de El Bols\u00f3n y de San Antonio Oeste.<\/p>\n<\/div>\n<\/div>\n<div style=\"font-family: var( --e-global-typography-text-font-family ), Sans-serif; font-weight: 400; width: 829.25px; margin-bottom: 20px;\" data-id=\"771ad13\" data-element_type=\"widget\" data-widget_type=\"text-editor.default\">\n<div>\n<p>Si no pudiste estar presente y dese\u00e1s ver el conversatorio, te dejamos el <a href=\"https:\/\/www.youtube.com\/watch?v=z4e9vgGLunc\">registro de la actividad.<\/a><\/p>\n<\/div>\n<\/div>\t\t\t\t\t\t<\/div>\n\t\t\t\t<\/div>\n\t\t\t\t\t<\/div>\n\t\t<\/div>\n\t\t\t\t\t\t\t<\/div>\n\t\t<\/section>\n\t\t\t\t\t\t\t<\/div>\n\t\t","protected":false},"excerpt":{"rendered":"<p>Se llev\u00f3 a cabo el pasado 30 de septiembre. Cont\u00f3 con la participaci\u00f3n de docentes del \u00c1rea de Ciencias Sociales de nuestra instituci\u00f3n. El encuentro estuvo organizado por la C\u00e1tedra de Historia Regional Patag\u00f3nica del IFDC de El Bols\u00f3n. All\u00ed disert\u00f3 el psic\u00f3logo e investigador, Marcelo Valko. Adem\u00e1s, cont\u00f3 con la participaci\u00f3n de docentes del [&hellip;]<\/p>\n","protected":false},"author":1,"featured_media":1,"comment_status":"closed","ping_status":"open","sticky":false,"template":"","format":"standard","meta":{"footnotes":""},"categories":[1],"tags":[],"class_list":["post-970","post","type-post","status-publish","format-standard","has-post-thumbnail","hentry","category-varios"],"_links":{"self":[{"href":"https:\/\/ifdcregina.edu.ar\/sitio\/wp-json\/wp\/v2\/posts\/970","targetHints":{"allow":["GET"]}}],"collection":[{"href":"https:\/\/ifdcregina.edu.ar\/sitio\/wp-json\/wp\/v2\/posts"}],"about":[{"href":"https:\/\/ifdcregina.edu.ar\/sitio\/wp-json\/wp\/v2\/types\/post"}],"author":[{"embeddable":true,"href":"https:\/\/ifdcregina.edu.ar\/sitio\/wp-json\/wp\/v2\/users\/1"}],"replies":[{"embeddable":true,"href":"https:\/\/ifdcregina.edu.ar\/sitio\/wp-json\/wp\/v2\/comments?post=970"}],"version-history":[{"count":4,"href":"https:\/\/ifdcregina.edu.ar\/sitio\/wp-json\/wp\/v2\/posts\/970\/revisions"}],"predecessor-version":[{"id":974,"href":"https:\/\/ifdcregina.edu.ar\/sitio\/wp-json\/wp\/v2\/posts\/970\/revisions\/974"}],"wp:featuredmedia":[{"embeddable":true,"href":"https:\/\/ifdcregina.edu.ar\/sitio\/wp-json\/"}],"wp:attachment":[{"href":"https:\/\/ifdcregina.edu.ar\/sitio\/wp-json\/wp\/v2\/media?parent=970"}],"wp:term":[{"taxonomy":"category","embeddable":true,"href":"https:\/\/ifdcregina.edu.ar\/sitio\/wp-json\/wp\/v2\/categories?post=970"},{"taxonomy":"post_tag","embeddable":true,"href":"https:\/\/ifdcregina.edu.ar\/sitio\/wp-json\/wp\/v2\/tags?post=970"}],"curies":[{"name":"wp","href":"https:\/\/api.w.org\/{rel}","templated":true}]}}