{"id":943,"date":"2021-09-28T18:17:50","date_gmt":"2021-09-28T21:17:50","guid":{"rendered":"https:\/\/ifdcregina.edu.ar\/sitio\/?p=943"},"modified":"2021-09-28T18:30:28","modified_gmt":"2021-09-28T21:30:28","slug":"actividad-descubri-miento-conquista-y-desmemoria","status":"publish","type":"post","link":"https:\/\/ifdcregina.edu.ar\/sitio\/varios\/actividad-descubri-miento-conquista-y-desmemoria\/","title":{"rendered":"Actividad: \u00abDescubri-miento\u00bb: conquista y desmemoria"},"content":{"rendered":"\t\t<div data-elementor-type=\"wp-post\" data-elementor-id=\"943\" class=\"elementor elementor-943\">\n\t\t\t\t\t\t\t\t\t<section class=\"elementor-section elementor-top-section elementor-element elementor-element-2b9f455 elementor-section-boxed elementor-section-height-default elementor-section-height-default\" data-id=\"2b9f455\" data-element_type=\"section\">\n\t\t\t\t\t\t<div class=\"elementor-container elementor-column-gap-default\">\n\t\t\t\t\t<div class=\"elementor-column elementor-col-100 elementor-top-column elementor-element elementor-element-3fc3e88\" data-id=\"3fc3e88\" data-element_type=\"column\">\n\t\t\t<div class=\"elementor-widget-wrap elementor-element-populated\">\n\t\t\t\t\t\t\t\t<div class=\"elementor-element elementor-element-9b7c15e elementor-widget elementor-widget-text-editor\" data-id=\"9b7c15e\" data-element_type=\"widget\" data-widget_type=\"text-editor.default\">\n\t\t\t\t<div class=\"elementor-widget-container\">\n\t\t\t<style>\/*! elementor - v3.11.1 - 15-02-2023 *\/\n.elementor-widget-text-editor.elementor-drop-cap-view-stacked .elementor-drop-cap{background-color:#818a91;color:#fff}.elementor-widget-text-editor.elementor-drop-cap-view-framed .elementor-drop-cap{color:#818a91;border:3px solid;background-color:transparent}.elementor-widget-text-editor:not(.elementor-drop-cap-view-default) .elementor-drop-cap{margin-top:8px}.elementor-widget-text-editor:not(.elementor-drop-cap-view-default) .elementor-drop-cap-letter{width:1em;height:1em}.elementor-widget-text-editor .elementor-drop-cap{float:left;text-align:center;line-height:1;font-size:50px}.elementor-widget-text-editor .elementor-drop-cap-letter{display:inline-block}<\/style>\t\t\t\t<p>La actividad se desarrollar\u00e1 el 30 de septiembre a las 18 en el canal de Youtube del\u00a0<a style=\"font-family: var( --e-global-typography-text-font-family ), Sans-serif; font-weight: var( --e-global-typography-text-font-weight ); background-color: #ffffff;\" href=\"https:\/\/www.youtube.com\/channel\/UC6B_dIGlqK4WT0CW59zLYjQ\" target=\"_blank\" rel=\"noopener\">IFDC de El Bols\u00f3n.\u00a0<\/a><\/p>\t\t\t\t\t\t<\/div>\n\t\t\t\t<\/div>\n\t\t\t\t\t<\/div>\n\t\t<\/div>\n\t\t\t\t\t\t\t<\/div>\n\t\t<\/section>\n\t\t\t\t<section class=\"elementor-section elementor-top-section elementor-element elementor-element-86f49b7 elementor-section-boxed elementor-section-height-default elementor-section-height-default\" data-id=\"86f49b7\" data-element_type=\"section\">\n\t\t\t\t\t\t<div class=\"elementor-container elementor-column-gap-default\">\n\t\t\t\t\t<div class=\"elementor-column elementor-col-100 elementor-top-column elementor-element elementor-element-e74eec9\" data-id=\"e74eec9\" data-element_type=\"column\">\n\t\t\t<div class=\"elementor-widget-wrap elementor-element-populated\">\n\t\t\t\t\t\t\t\t<div class=\"elementor-element elementor-element-6b13af1 elementor-widget elementor-widget-text-editor\" data-id=\"6b13af1\" data-element_type=\"widget\" data-widget_type=\"text-editor.default\">\n\t\t\t\t<div class=\"elementor-widget-container\">\n\t\t\t\t\t\t\t<p>El encuentro est\u00e1 organizado por la C\u00e1tedra de Historia Regional Patag\u00f3nica del IFDC de El Bols\u00f3n. All\u00ed disertar\u00e1 el psic\u00f3logo e investigador, Marcelo Valko. Adem\u00e1s, contar\u00e1 con la participaci\u00f3n de docentes del \u00e1rea de Ciencias Sociales del IFDC de Villa Regina, de El Bols\u00f3n y de San Antonio Oeste.<\/p>\t\t\t\t\t\t<\/div>\n\t\t\t\t<\/div>\n\t\t\t\t<div class=\"elementor-element elementor-element-771ad13 elementor-widget elementor-widget-text-editor\" data-id=\"771ad13\" data-element_type=\"widget\" data-widget_type=\"text-editor.default\">\n\t\t\t\t<div class=\"elementor-widget-container\">\n\t\t\t\t\t\t\t<p>El conversatorio es una invitaci\u00f3n a repensar la conquista, la diversidad cultural y su ense\u00f1anza cr\u00edtica y reflexiva en el contexto del 12 de octubre.<\/p>\t\t\t\t\t\t<\/div>\n\t\t\t\t<\/div>\n\t\t\t\t<div class=\"elementor-element elementor-element-a3ca9cd elementor-widget elementor-widget-image\" data-id=\"a3ca9cd\" data-element_type=\"widget\" data-widget_type=\"image.default\">\n\t\t\t\t<div class=\"elementor-widget-container\">\n\t\t\t<style>\/*! elementor - v3.11.1 - 15-02-2023 *\/\n.elementor-widget-image{text-align:center}.elementor-widget-image a{display:inline-block}.elementor-widget-image a img[src$=\".svg\"]{width:48px}.elementor-widget-image img{vertical-align:middle;display:inline-block}<\/style>\t\t\t\t\t\t\t\t\t\t\t\t<img decoding=\"async\" src=\"https:\/\/lh3.googleusercontent.com\/rlrO7Gvk7W4ZVhSPBluItLdptGp5sS54BIiIXEMbE8dptWv-TkLf8jep10_k9Q7hwLg12Ikj_eIa5j9sDdBctBPo84umaiLQLcnhu8TWTBidMaXwSWTk9jMUFF34atvkG1NU7Md0=w2400\" title=\"\" alt=\"\" loading=\"lazy\" \/>\t\t\t\t\t\t\t\t\t\t\t\t\t\t\t<\/div>\n\t\t\t\t<\/div>\n\t\t\t\t\t<\/div>\n\t\t<\/div>\n\t\t\t\t\t\t\t<\/div>\n\t\t<\/section>\n\t\t\t\t\t\t\t<\/div>\n\t\t","protected":false},"excerpt":{"rendered":"<p>La actividad se desarrollar\u00e1 el 30 de septiembre a las 18 en el canal de Youtube del&nbsp;IFDC de El Bols\u00f3n.&nbsp; El encuentro est\u00e1 organizado por la C\u00e1tedra de Historia Regional Patag\u00f3nica del IFDC de El Bols\u00f3n. All\u00ed disertar\u00e1 el psic\u00f3logo e investigador, Marcelo Valko. Adem\u00e1s, contar\u00e1 con la participaci\u00f3n de docentes del \u00e1rea de Ciencias [&hellip;]<\/p>\n","protected":false},"author":1,"featured_media":1,"comment_status":"closed","ping_status":"open","sticky":false,"template":"","format":"standard","meta":{"footnotes":""},"categories":[1],"tags":[],"class_list":["post-943","post","type-post","status-publish","format-standard","has-post-thumbnail","hentry","category-varios"],"_links":{"self":[{"href":"https:\/\/ifdcregina.edu.ar\/sitio\/wp-json\/wp\/v2\/posts\/943","targetHints":{"allow":["GET"]}}],"collection":[{"href":"https:\/\/ifdcregina.edu.ar\/sitio\/wp-json\/wp\/v2\/posts"}],"about":[{"href":"https:\/\/ifdcregina.edu.ar\/sitio\/wp-json\/wp\/v2\/types\/post"}],"author":[{"embeddable":true,"href":"https:\/\/ifdcregina.edu.ar\/sitio\/wp-json\/wp\/v2\/users\/1"}],"replies":[{"embeddable":true,"href":"https:\/\/ifdcregina.edu.ar\/sitio\/wp-json\/wp\/v2\/comments?post=943"}],"version-history":[{"count":10,"href":"https:\/\/ifdcregina.edu.ar\/sitio\/wp-json\/wp\/v2\/posts\/943\/revisions"}],"predecessor-version":[{"id":958,"href":"https:\/\/ifdcregina.edu.ar\/sitio\/wp-json\/wp\/v2\/posts\/943\/revisions\/958"}],"wp:featuredmedia":[{"embeddable":true,"href":"https:\/\/ifdcregina.edu.ar\/sitio\/wp-json\/"}],"wp:attachment":[{"href":"https:\/\/ifdcregina.edu.ar\/sitio\/wp-json\/wp\/v2\/media?parent=943"}],"wp:term":[{"taxonomy":"category","embeddable":true,"href":"https:\/\/ifdcregina.edu.ar\/sitio\/wp-json\/wp\/v2\/categories?post=943"},{"taxonomy":"post_tag","embeddable":true,"href":"https:\/\/ifdcregina.edu.ar\/sitio\/wp-json\/wp\/v2\/tags?post=943"}],"curies":[{"name":"wp","href":"https:\/\/api.w.org\/{rel}","templated":true}]}}