{"id":934,"date":"2021-09-28T17:31:52","date_gmt":"2021-09-28T20:31:52","guid":{"rendered":"https:\/\/ifdcregina.edu.ar\/sitio\/?p=934"},"modified":"2021-09-28T18:29:20","modified_gmt":"2021-09-28T21:29:20","slug":"conversatorio-haters-y-adolescencia-reflexiones-en-la-escuela-para-futuros-as-formadores-as","status":"publish","type":"post","link":"https:\/\/ifdcregina.edu.ar\/sitio\/varios\/conversatorio-haters-y-adolescencia-reflexiones-en-la-escuela-para-futuros-as-formadores-as\/","title":{"rendered":"Conversatorio: Haters y adolescencia: reflexiones en la escuela para futuros\/as formadores\/as"},"content":{"rendered":"\t\t<div data-elementor-type=\"wp-post\" data-elementor-id=\"934\" class=\"elementor elementor-934\">\n\t\t\t\t\t\t\t\t\t<section class=\"elementor-section elementor-top-section elementor-element elementor-element-38faa3c6 elementor-section-boxed elementor-section-height-default elementor-section-height-default\" data-id=\"38faa3c6\" data-element_type=\"section\">\n\t\t\t\t\t\t<div class=\"elementor-container elementor-column-gap-default\">\n\t\t\t\t\t<div class=\"elementor-column elementor-col-100 elementor-top-column elementor-element elementor-element-18df8c8d\" data-id=\"18df8c8d\" data-element_type=\"column\">\n\t\t\t<div class=\"elementor-widget-wrap elementor-element-populated\">\n\t\t\t\t\t\t\t\t<div class=\"elementor-element elementor-element-4ecfcb52 elementor-widget elementor-widget-text-editor\" data-id=\"4ecfcb52\" data-element_type=\"widget\" data-widget_type=\"text-editor.default\">\n\t\t\t\t<div class=\"elementor-widget-container\">\n\t\t\t<style>\/*! elementor - v3.11.1 - 15-02-2023 *\/\n.elementor-widget-text-editor.elementor-drop-cap-view-stacked .elementor-drop-cap{background-color:#818a91;color:#fff}.elementor-widget-text-editor.elementor-drop-cap-view-framed .elementor-drop-cap{color:#818a91;border:3px solid;background-color:transparent}.elementor-widget-text-editor:not(.elementor-drop-cap-view-default) .elementor-drop-cap{margin-top:8px}.elementor-widget-text-editor:not(.elementor-drop-cap-view-default) .elementor-drop-cap-letter{width:1em;height:1em}.elementor-widget-text-editor .elementor-drop-cap{float:left;text-align:center;line-height:1;font-size:50px}.elementor-widget-text-editor .elementor-drop-cap-letter{display:inline-block}<\/style>\t\t\t\t<!-- wp:paragraph -->\n<p>La actividad se desarrollar\u00e1 el 5 de octubre a las 18 por zoom. Est\u00e1 destinada a egresados\/as del IFDC, estudiantes de Profesorados e interesados\/as en el Profesorado de Ed. Sec. en Lengua y Literatura. <\/p>\n<!-- \/wp:paragraph -->\n\n<!-- wp:paragraph -->\n<p>En el marco de la promoci\u00f3n de carreras, la Coordinaci\u00f3n del Profesorado de Ed. Sec. en Lengua y Literatura en conjunto con un grupo de docentes, llevar\u00e1n a cabo el conversatorio virtual denominado \u00abHaters y adolescencia: reflexiones en la escuela para futuros\/as formadores\/as\u00bb.<\/p>\n<!-- \/wp:paragraph -->\n\n<!-- wp:paragraph -->\n<p>All\u00ed tendr\u00e1n lugar diversas actividades relacionadas al uso de las redes sociales y las influencias que \u00e9stas tienen en el \u00e1mbito educativo.<\/p>\n<!-- \/wp:paragraph -->\n\n<!-- wp:paragraph -->\n<p>Las y los interesados en formar parte del encuentro deber\u00e1n completar la siguiente <a href=\"https:\/\/forms.gle\/f92CVKVGtShkCAK38\">inscripci\u00f3n<\/a>.<\/p>\n<!-- \/wp:paragraph -->\t\t\t\t\t\t<\/div>\n\t\t\t\t<\/div>\n\t\t\t\t\t<\/div>\n\t\t<\/div>\n\t\t\t\t\t\t\t<\/div>\n\t\t<\/section>\n\t\t\t\t<section class=\"elementor-section elementor-top-section elementor-element elementor-element-1e6940a elementor-section-height-full elementor-section-boxed elementor-section-height-default elementor-section-items-middle\" data-id=\"1e6940a\" data-element_type=\"section\">\n\t\t\t\t\t\t<div class=\"elementor-container elementor-column-gap-default\">\n\t\t\t\t\t<div class=\"elementor-column elementor-col-100 elementor-top-column elementor-element elementor-element-9f7ab71\" data-id=\"9f7ab71\" data-element_type=\"column\">\n\t\t\t<div class=\"elementor-widget-wrap elementor-element-populated\">\n\t\t\t\t\t\t\t\t<div class=\"elementor-element elementor-element-9ec2ac1 elementor-widget elementor-widget-image\" data-id=\"9ec2ac1\" data-element_type=\"widget\" data-widget_type=\"image.default\">\n\t\t\t\t<div class=\"elementor-widget-container\">\n\t\t\t<style>\/*! elementor - v3.11.1 - 15-02-2023 *\/\n.elementor-widget-image{text-align:center}.elementor-widget-image a{display:inline-block}.elementor-widget-image a img[src$=\".svg\"]{width:48px}.elementor-widget-image img{vertical-align:middle;display:inline-block}<\/style>\t\t\t\t\t\t\t\t\t\t\t\t<img decoding=\"async\" src=\"https:\/\/lh3.googleusercontent.com\/iKZLoV60wTKNp6acyBtwC9lY3L8CiHoeq5gyjY34c9edXh47tO2--U98B5hKz-DFyglM21k6NJ2Mt89z4T_N-gYtD20v0eN5Vz0HIDV4RTaEzokxpeFaZ5eyCAOXkCI2ekH8u2sC=w2400\" title=\"\" alt=\"\" loading=\"lazy\" \/>\t\t\t\t\t\t\t\t\t\t\t\t\t\t\t<\/div>\n\t\t\t\t<\/div>\n\t\t\t\t\t<\/div>\n\t\t<\/div>\n\t\t\t\t\t\t\t<\/div>\n\t\t<\/section>\n\t\t\t\t\t\t\t<\/div>\n\t\t","protected":false},"excerpt":{"rendered":"<p>La actividad se desarrollar\u00e1 el 5 de octubre a las 18 por zoom. Est\u00e1 destinada a egresados\/as del IFDC, estudiantes de Profesorados e interesados\/as en el Profesorado de Ed. Sec. en Lengua y Literatura. En el marco de la promoci\u00f3n de carreras, la Coordinaci\u00f3n del Profesorado de Ed. Sec. en Lengua y Literatura en conjunto [&hellip;]<\/p>\n","protected":false},"author":1,"featured_media":1,"comment_status":"closed","ping_status":"open","sticky":false,"template":"","format":"standard","meta":{"footnotes":""},"categories":[1],"tags":[],"class_list":["post-934","post","type-post","status-publish","format-standard","has-post-thumbnail","hentry","category-varios"],"_links":{"self":[{"href":"https:\/\/ifdcregina.edu.ar\/sitio\/wp-json\/wp\/v2\/posts\/934","targetHints":{"allow":["GET"]}}],"collection":[{"href":"https:\/\/ifdcregina.edu.ar\/sitio\/wp-json\/wp\/v2\/posts"}],"about":[{"href":"https:\/\/ifdcregina.edu.ar\/sitio\/wp-json\/wp\/v2\/types\/post"}],"author":[{"embeddable":true,"href":"https:\/\/ifdcregina.edu.ar\/sitio\/wp-json\/wp\/v2\/users\/1"}],"replies":[{"embeddable":true,"href":"https:\/\/ifdcregina.edu.ar\/sitio\/wp-json\/wp\/v2\/comments?post=934"}],"version-history":[{"count":12,"href":"https:\/\/ifdcregina.edu.ar\/sitio\/wp-json\/wp\/v2\/posts\/934\/revisions"}],"predecessor-version":[{"id":957,"href":"https:\/\/ifdcregina.edu.ar\/sitio\/wp-json\/wp\/v2\/posts\/934\/revisions\/957"}],"wp:featuredmedia":[{"embeddable":true,"href":"https:\/\/ifdcregina.edu.ar\/sitio\/wp-json\/"}],"wp:attachment":[{"href":"https:\/\/ifdcregina.edu.ar\/sitio\/wp-json\/wp\/v2\/media?parent=934"}],"wp:term":[{"taxonomy":"category","embeddable":true,"href":"https:\/\/ifdcregina.edu.ar\/sitio\/wp-json\/wp\/v2\/categories?post=934"},{"taxonomy":"post_tag","embeddable":true,"href":"https:\/\/ifdcregina.edu.ar\/sitio\/wp-json\/wp\/v2\/tags?post=934"}],"curies":[{"name":"wp","href":"https:\/\/api.w.org\/{rel}","templated":true}]}}