{"id":546,"date":"2021-09-06T20:59:33","date_gmt":"2021-09-06T23:59:33","guid":{"rendered":"https:\/\/ifdcregina.edu.ar\/sitio\/?p=546"},"modified":"2021-09-09T19:28:19","modified_gmt":"2021-09-09T22:28:19","slug":"becas-progresar","status":"publish","type":"post","link":"https:\/\/ifdcregina.edu.ar\/sitio\/varios\/becas-progresar\/","title":{"rendered":"Becas Progresar"},"content":{"rendered":"\t\t<div data-elementor-type=\"wp-post\" data-elementor-id=\"546\" class=\"elementor elementor-546\">\n\t\t\t\t\t\t\t\t\t<section class=\"elementor-section elementor-top-section elementor-element elementor-element-2fae2bb elementor-section-boxed elementor-section-height-default elementor-section-height-default\" data-id=\"2fae2bb\" data-element_type=\"section\">\n\t\t\t\t\t\t<div class=\"elementor-container elementor-column-gap-default\">\n\t\t\t\t\t<div class=\"elementor-column elementor-col-100 elementor-top-column elementor-element elementor-element-031e441\" data-id=\"031e441\" data-element_type=\"column\">\n\t\t\t<div class=\"elementor-widget-wrap elementor-element-populated\">\n\t\t\t\t\t\t\t\t<div class=\"elementor-element elementor-element-e5cddf9 elementor-widget elementor-widget-image\" data-id=\"e5cddf9\" data-element_type=\"widget\" data-widget_type=\"image.default\">\n\t\t\t\t<div class=\"elementor-widget-container\">\n\t\t\t<style>\/*! elementor - v3.11.1 - 15-02-2023 *\/\n.elementor-widget-image{text-align:center}.elementor-widget-image a{display:inline-block}.elementor-widget-image a img[src$=\".svg\"]{width:48px}.elementor-widget-image img{vertical-align:middle;display:inline-block}<\/style>\t\t\t\t\t\t\t\t\t\t\t\t<img decoding=\"async\" src=\"https:\/\/lh3.googleusercontent.com\/nFhQGCn2nFsz8ADBnPUDraw-xMGWusljDHDoWYTqGQZcgZn9JKyH3n6RJZybX1xECDDAQiSIwJ_rtR6V6GZE1ZZRaxNksQq5-xikU0skhjc5RKYAH_ln7IP_exmneDyvRjgcnHC4bA=w2400\" title=\"\" alt=\"\" loading=\"lazy\" \/>\t\t\t\t\t\t\t\t\t\t\t\t\t\t\t<\/div>\n\t\t\t\t<\/div>\n\t\t\t\t\t<\/div>\n\t\t<\/div>\n\t\t\t\t\t\t\t<\/div>\n\t\t<\/section>\n\t\t\t\t<section class=\"elementor-section elementor-top-section elementor-element elementor-element-3547b69 elementor-section-boxed elementor-section-height-default elementor-section-height-default\" data-id=\"3547b69\" data-element_type=\"section\">\n\t\t\t\t\t\t<div class=\"elementor-container elementor-column-gap-default\">\n\t\t\t\t\t<div class=\"elementor-column elementor-col-100 elementor-top-column elementor-element elementor-element-19e71a7\" data-id=\"19e71a7\" data-element_type=\"column\">\n\t\t\t<div class=\"elementor-widget-wrap elementor-element-populated\">\n\t\t\t\t\t\t\t\t<div class=\"elementor-element elementor-element-b9fde92 elementor-widget elementor-widget-text-editor\" data-id=\"b9fde92\" data-element_type=\"widget\" data-widget_type=\"text-editor.default\">\n\t\t\t\t<div class=\"elementor-widget-container\">\n\t\t\t<style>\/*! elementor - v3.11.1 - 15-02-2023 *\/\n.elementor-widget-text-editor.elementor-drop-cap-view-stacked .elementor-drop-cap{background-color:#818a91;color:#fff}.elementor-widget-text-editor.elementor-drop-cap-view-framed .elementor-drop-cap{color:#818a91;border:3px solid;background-color:transparent}.elementor-widget-text-editor:not(.elementor-drop-cap-view-default) .elementor-drop-cap{margin-top:8px}.elementor-widget-text-editor:not(.elementor-drop-cap-view-default) .elementor-drop-cap-letter{width:1em;height:1em}.elementor-widget-text-editor .elementor-drop-cap{float:left;text-align:center;line-height:1;font-size:50px}.elementor-widget-text-editor .elementor-drop-cap-letter{display:inline-block}<\/style>\t\t\t\t<p>Les comunicamos que hasta el\u00a0<strong>17 de septiembre de 2021<\/strong>\u00a0tendr\u00e1n tiempo de\u00a0<strong>anotarse<\/strong>\u00a0en las becas Progresar en https:\/\/www.argentina.gob.ar\/educacion\/progresar .<\/p><p>Adem\u00e1s, informamos que habr\u00e1 un incremento de $1000 a partir de la cuota correspondiente al mes de septiembre y hasta completar el per\u00edodo de vigencia de la beca correspondiente al ciclo 2021.\u00a0<\/p><p id=\"yui_3_17_2_1_1630971752840_114\">Adjuntamos flyers con datos pertinentes al sistema de becas.<\/p>\t\t\t\t\t\t<\/div>\n\t\t\t\t<\/div>\n\t\t\t\t\t<\/div>\n\t\t<\/div>\n\t\t\t\t\t\t\t<\/div>\n\t\t<\/section>\n\t\t\t\t\t\t\t<\/div>\n\t\t","protected":false},"excerpt":{"rendered":"<p>Les comunicamos que hasta el&nbsp;17 de septiembre de 2021&nbsp;tendr\u00e1n tiempo de&nbsp;anotarse&nbsp;en las becas Progresar en https:\/\/www.argentina.gob.ar\/educacion\/progresar . Adem\u00e1s, informamos que habr\u00e1 un incremento de $1000 a partir de la cuota correspondiente al mes de septiembre y hasta completar el per\u00edodo de vigencia de la beca correspondiente al ciclo 2021.&nbsp; Adjuntamos flyers con datos pertinentes al [&hellip;]<\/p>\n","protected":false},"author":1,"featured_media":1,"comment_status":"closed","ping_status":"open","sticky":false,"template":"","format":"standard","meta":{"footnotes":""},"categories":[1],"tags":[],"class_list":["post-546","post","type-post","status-publish","format-standard","has-post-thumbnail","hentry","category-varios"],"_links":{"self":[{"href":"https:\/\/ifdcregina.edu.ar\/sitio\/wp-json\/wp\/v2\/posts\/546","targetHints":{"allow":["GET"]}}],"collection":[{"href":"https:\/\/ifdcregina.edu.ar\/sitio\/wp-json\/wp\/v2\/posts"}],"about":[{"href":"https:\/\/ifdcregina.edu.ar\/sitio\/wp-json\/wp\/v2\/types\/post"}],"author":[{"embeddable":true,"href":"https:\/\/ifdcregina.edu.ar\/sitio\/wp-json\/wp\/v2\/users\/1"}],"replies":[{"embeddable":true,"href":"https:\/\/ifdcregina.edu.ar\/sitio\/wp-json\/wp\/v2\/comments?post=546"}],"version-history":[{"count":21,"href":"https:\/\/ifdcregina.edu.ar\/sitio\/wp-json\/wp\/v2\/posts\/546\/revisions"}],"predecessor-version":[{"id":696,"href":"https:\/\/ifdcregina.edu.ar\/sitio\/wp-json\/wp\/v2\/posts\/546\/revisions\/696"}],"wp:featuredmedia":[{"embeddable":true,"href":"https:\/\/ifdcregina.edu.ar\/sitio\/wp-json\/"}],"wp:attachment":[{"href":"https:\/\/ifdcregina.edu.ar\/sitio\/wp-json\/wp\/v2\/media?parent=546"}],"wp:term":[{"taxonomy":"category","embeddable":true,"href":"https:\/\/ifdcregina.edu.ar\/sitio\/wp-json\/wp\/v2\/categories?post=546"},{"taxonomy":"post_tag","embeddable":true,"href":"https:\/\/ifdcregina.edu.ar\/sitio\/wp-json\/wp\/v2\/tags?post=546"}],"curies":[{"name":"wp","href":"https:\/\/api.w.org\/{rel}","templated":true}]}}