{"id":5326,"date":"2025-11-04T11:34:06","date_gmt":"2025-11-04T14:34:06","guid":{"rendered":"https:\/\/ifdcregina.edu.ar\/sitio\/?p=5326"},"modified":"2026-02-05T08:45:25","modified_gmt":"2026-02-05T11:45:25","slug":"ingresantes-2026","status":"publish","type":"post","link":"https:\/\/ifdcregina.edu.ar\/sitio\/varios\/ingresantes-2026\/","title":{"rendered":"Ingresantes 2026"},"content":{"rendered":"\t\t<div data-elementor-type=\"wp-post\" data-elementor-id=\"5326\" class=\"elementor elementor-5326\">\n\t\t\t\t\t\t\t\t\t<section class=\"elementor-section elementor-top-section elementor-element elementor-element-58b3e68 elementor-section-boxed elementor-section-height-default elementor-section-height-default\" data-id=\"58b3e68\" data-element_type=\"section\">\n\t\t\t\t\t\t<div class=\"elementor-container elementor-column-gap-default\">\n\t\t\t\t\t<div class=\"elementor-column elementor-col-100 elementor-top-column elementor-element elementor-element-2f48497\" data-id=\"2f48497\" data-element_type=\"column\">\n\t\t\t<div class=\"elementor-widget-wrap elementor-element-populated\">\n\t\t\t\t\t\t\t\t<section class=\"elementor-section elementor-inner-section elementor-element elementor-element-5a2c21a elementor-section-boxed elementor-section-height-default elementor-section-height-default\" data-id=\"5a2c21a\" data-element_type=\"section\">\n\t\t\t\t\t\t<div class=\"elementor-container elementor-column-gap-default\">\n\t\t\t\t\t<div class=\"elementor-column elementor-col-50 elementor-inner-column elementor-element elementor-element-118b141\" data-id=\"118b141\" data-element_type=\"column\">\n\t\t\t<div class=\"elementor-widget-wrap elementor-element-populated\">\n\t\t\t\t\t\t\t\t<div class=\"elementor-element elementor-element-a787458 elementor-widget elementor-widget-image\" data-id=\"a787458\" data-element_type=\"widget\" data-widget_type=\"image.default\">\n\t\t\t\t<div class=\"elementor-widget-container\">\n\t\t\t<style>\/*! elementor - v3.11.1 - 15-02-2023 *\/\n.elementor-widget-image{text-align:center}.elementor-widget-image a{display:inline-block}.elementor-widget-image a img[src$=\".svg\"]{width:48px}.elementor-widget-image img{vertical-align:middle;display:inline-block}<\/style>\t\t\t\t\t\t\t\t\t\t\t\t<img decoding=\"async\" src=\"https:\/\/lh3.googleusercontent.com\/pw\/AP1GczOaElA7ApHqKecZjv2Vh8fdbBpw3AuyunRefkjkMi2EKQpbaTIhJK4R64qBCwDTyeLebPjO4ZHZezN49CffmAG4qTOjfkz65_d-FqV-MDD6YMn7WhA=w2400\" title=\"\" alt=\"\" loading=\"lazy\" \/>\t\t\t\t\t\t\t\t\t\t\t\t\t\t\t<\/div>\n\t\t\t\t<\/div>\n\t\t\t\t\t<\/div>\n\t\t<\/div>\n\t\t\t\t<div class=\"elementor-column elementor-col-50 elementor-inner-column elementor-element elementor-element-4910d0f\" data-id=\"4910d0f\" data-element_type=\"column\">\n\t\t\t<div class=\"elementor-widget-wrap elementor-element-populated\">\n\t\t\t\t\t\t\t\t<div class=\"elementor-element elementor-element-9459cb4 elementor-widget elementor-widget-image\" data-id=\"9459cb4\" data-element_type=\"widget\" data-widget_type=\"image.default\">\n\t\t\t\t<div class=\"elementor-widget-container\">\n\t\t\t\t\t\t\t\t\t\t\t\t\t\t\t<img loading=\"lazy\" decoding=\"async\" width=\"640\" height=\"640\" src=\"https:\/\/ifdcregina.edu.ar\/sitio\/wp-content\/uploads\/2025\/11\/Desde-el-011223-ingresa-en-ifdcregina.edu_.aringresantes-1024x1024.png\" class=\"attachment-large size-large wp-image-5520\" alt=\"\" srcset=\"https:\/\/ifdcregina.edu.ar\/sitio\/wp-content\/uploads\/2025\/11\/Desde-el-011223-ingresa-en-ifdcregina.edu_.aringresantes-1024x1024.png 1024w, https:\/\/ifdcregina.edu.ar\/sitio\/wp-content\/uploads\/2025\/11\/Desde-el-011223-ingresa-en-ifdcregina.edu_.aringresantes-300x300.png 300w, https:\/\/ifdcregina.edu.ar\/sitio\/wp-content\/uploads\/2025\/11\/Desde-el-011223-ingresa-en-ifdcregina.edu_.aringresantes-150x150.png 150w, https:\/\/ifdcregina.edu.ar\/sitio\/wp-content\/uploads\/2025\/11\/Desde-el-011223-ingresa-en-ifdcregina.edu_.aringresantes-768x768.png 768w, https:\/\/ifdcregina.edu.ar\/sitio\/wp-content\/uploads\/2025\/11\/Desde-el-011223-ingresa-en-ifdcregina.edu_.aringresantes-250x250.png 250w, https:\/\/ifdcregina.edu.ar\/sitio\/wp-content\/uploads\/2025\/11\/Desde-el-011223-ingresa-en-ifdcregina.edu_.aringresantes.png 1080w\" sizes=\"auto, (max-width: 640px) 100vw, 640px\" \/>\t\t\t\t\t\t\t\t\t\t\t\t\t\t\t<\/div>\n\t\t\t\t<\/div>\n\t\t\t\t\t<\/div>\n\t\t<\/div>\n\t\t\t\t\t\t\t<\/div>\n\t\t<\/section>\n\t\t\t\t<div class=\"elementor-element elementor-element-e0a57f0 elementor-widget elementor-widget-text-editor\" data-id=\"e0a57f0\" data-element_type=\"widget\" data-widget_type=\"text-editor.default\">\n\t\t\t\t<div class=\"elementor-widget-container\">\n\t\t\t<style>\/*! elementor - v3.11.1 - 15-02-2023 *\/\n.elementor-widget-text-editor.elementor-drop-cap-view-stacked .elementor-drop-cap{background-color:#818a91;color:#fff}.elementor-widget-text-editor.elementor-drop-cap-view-framed .elementor-drop-cap{color:#818a91;border:3px solid;background-color:transparent}.elementor-widget-text-editor:not(.elementor-drop-cap-view-default) .elementor-drop-cap{margin-top:8px}.elementor-widget-text-editor:not(.elementor-drop-cap-view-default) .elementor-drop-cap-letter{width:1em;height:1em}.elementor-widget-text-editor .elementor-drop-cap{float:left;text-align:center;line-height:1;font-size:50px}.elementor-widget-text-editor .elementor-drop-cap-letter{display:inline-block}<\/style>\t\t\t\t<p>Ya se encuentran abiertas las preinscripciones para iniciar tus estudios en el IFDC Villa Regina en el 2026.\u00a0<\/p><p>\u00bfQu\u00e9 pasos deb\u00e9s seguir? Primero complet\u00e1<a href=\"https:\/\/ifdcregina.edu.ar\/sitio\/pre-inscripcion-a-carreras\/\">\u00a0el formulario disponible ac\u00e1<\/a>.<\/p><p>Una vez que lo hayas realizado, deber\u00e1s reunir la siguiente documentaci\u00f3n para presentarla cuando sea solicitada en febrero por la secretar\u00eda de tu carrera:<\/p><ul><li>Original y fotocopia de DNI con domicilio actual.\u00a0<\/li><li>Original y fotocopia de T\u00edtulo Secundarios u Original de Constancia finalizaci\u00f3n de Estudios Secundarios.<\/li><li>Original y fotocopia del Acta de Nacimiento.<\/li><li>Dos fotos tipo carnet.<\/li><li>Una Carpeta Colgante.<\/li><\/ul>\t\t\t\t\t\t<\/div>\n\t\t\t\t<\/div>\n\t\t\t\t\t<\/div>\n\t\t<\/div>\n\t\t\t\t\t\t\t<\/div>\n\t\t<\/section>\n\t\t\t\t\t\t\t<\/div>\n\t\t","protected":false},"excerpt":{"rendered":"<p>Ya se encuentran abiertas las preinscripciones para iniciar tus estudios en el IFDC Villa Regina en el 2026.\u00a0 \u00bfQu\u00e9 pasos deb\u00e9s seguir? Primero complet\u00e1\u00a0el formulario disponible ac\u00e1. Una vez que lo hayas realizado, deber\u00e1s reunir la siguiente documentaci\u00f3n para presentarla cuando sea solicitada en febrero por la secretar\u00eda de tu carrera: Original y fotocopia de [&hellip;]<\/p>\n","protected":false},"author":4,"featured_media":5520,"comment_status":"closed","ping_status":"closed","sticky":false,"template":"","format":"standard","meta":{"footnotes":""},"categories":[1],"tags":[],"class_list":["post-5326","post","type-post","status-publish","format-standard","has-post-thumbnail","hentry","category-varios"],"_links":{"self":[{"href":"https:\/\/ifdcregina.edu.ar\/sitio\/wp-json\/wp\/v2\/posts\/5326","targetHints":{"allow":["GET"]}}],"collection":[{"href":"https:\/\/ifdcregina.edu.ar\/sitio\/wp-json\/wp\/v2\/posts"}],"about":[{"href":"https:\/\/ifdcregina.edu.ar\/sitio\/wp-json\/wp\/v2\/types\/post"}],"author":[{"embeddable":true,"href":"https:\/\/ifdcregina.edu.ar\/sitio\/wp-json\/wp\/v2\/users\/4"}],"replies":[{"embeddable":true,"href":"https:\/\/ifdcregina.edu.ar\/sitio\/wp-json\/wp\/v2\/comments?post=5326"}],"version-history":[{"count":10,"href":"https:\/\/ifdcregina.edu.ar\/sitio\/wp-json\/wp\/v2\/posts\/5326\/revisions"}],"predecessor-version":[{"id":5526,"href":"https:\/\/ifdcregina.edu.ar\/sitio\/wp-json\/wp\/v2\/posts\/5326\/revisions\/5526"}],"wp:featuredmedia":[{"embeddable":true,"href":"https:\/\/ifdcregina.edu.ar\/sitio\/wp-json\/wp\/v2\/media\/5520"}],"wp:attachment":[{"href":"https:\/\/ifdcregina.edu.ar\/sitio\/wp-json\/wp\/v2\/media?parent=5326"}],"wp:term":[{"taxonomy":"category","embeddable":true,"href":"https:\/\/ifdcregina.edu.ar\/sitio\/wp-json\/wp\/v2\/categories?post=5326"},{"taxonomy":"post_tag","embeddable":true,"href":"https:\/\/ifdcregina.edu.ar\/sitio\/wp-json\/wp\/v2\/tags?post=5326"}],"curies":[{"name":"wp","href":"https:\/\/api.w.org\/{rel}","templated":true}]}}