{"id":4782,"date":"2025-09-25T11:36:17","date_gmt":"2025-09-25T14:36:17","guid":{"rendered":"https:\/\/ifdcregina.edu.ar\/sitio\/?p=4782"},"modified":"2025-09-30T17:59:18","modified_gmt":"2025-09-30T20:59:18","slug":"inscripcion-edi-10","status":"publish","type":"post","link":"https:\/\/ifdcregina.edu.ar\/sitio\/varios\/inscripcion-edi-10\/","title":{"rendered":"Inscripci\u00f3n EDI"},"content":{"rendered":"\t\t<div data-elementor-type=\"wp-post\" data-elementor-id=\"4782\" class=\"elementor elementor-4782\">\n\t\t\t\t\t\t\t\t\t<section class=\"elementor-section elementor-top-section elementor-element elementor-element-c153b4c elementor-section-boxed elementor-section-height-default elementor-section-height-default\" data-id=\"c153b4c\" data-element_type=\"section\">\n\t\t\t\t\t\t<div class=\"elementor-container elementor-column-gap-default\">\n\t\t\t\t\t<div class=\"elementor-column elementor-col-100 elementor-top-column elementor-element elementor-element-c61beec\" data-id=\"c61beec\" data-element_type=\"column\">\n\t\t\t<div class=\"elementor-widget-wrap\">\n\t\t\t\t\t\t\t\t\t<\/div>\n\t\t<\/div>\n\t\t\t\t\t\t\t<\/div>\n\t\t<\/section>\n\t\t\t\t<section class=\"elementor-section elementor-top-section elementor-element elementor-element-54bd38e elementor-section-boxed elementor-section-height-default elementor-section-height-default\" data-id=\"54bd38e\" data-element_type=\"section\">\n\t\t\t\t\t\t<div class=\"elementor-container elementor-column-gap-default\">\n\t\t\t\t\t<div class=\"elementor-column elementor-col-100 elementor-top-column elementor-element elementor-element-fc08e86\" data-id=\"fc08e86\" data-element_type=\"column\">\n\t\t\t<div class=\"elementor-widget-wrap elementor-element-populated\">\n\t\t\t\t\t\t\t\t<section class=\"elementor-section elementor-inner-section elementor-element elementor-element-3a1f842 elementor-section-boxed elementor-section-height-default elementor-section-height-default\" data-id=\"3a1f842\" data-element_type=\"section\">\n\t\t\t\t\t\t<div class=\"elementor-container elementor-column-gap-default\">\n\t\t\t\t\t<div class=\"elementor-column elementor-col-100 elementor-inner-column elementor-element elementor-element-04f02af\" data-id=\"04f02af\" data-element_type=\"column\">\n\t\t\t<div class=\"elementor-widget-wrap elementor-element-populated\">\n\t\t\t\t\t\t\t\t<div class=\"elementor-element elementor-element-334bf52 elementor-widget elementor-widget-image\" data-id=\"334bf52\" data-element_type=\"widget\" data-widget_type=\"image.default\">\n\t\t\t\t<div class=\"elementor-widget-container\">\n\t\t\t<style>\/*! elementor - v3.11.1 - 15-02-2023 *\/\n.elementor-widget-image{text-align:center}.elementor-widget-image a{display:inline-block}.elementor-widget-image a img[src$=\".svg\"]{width:48px}.elementor-widget-image img{vertical-align:middle;display:inline-block}<\/style>\t\t\t\t\t\t\t\t\t\t\t\t<img decoding=\"async\" src=\"https:\/\/lh3.googleusercontent.com\/pw\/AP1GczNFkkHrxcKKLB9-FH-S6jW6V6fxoRrKmf0zZ2hYrMFWwka4Kx2gIqDfippJ7wfltl97ypPqVAghm4DD2scGK5FCW1knYq9hPjw900FHxgOJ5MpB1GI=w1920-h1080\" title=\"\" alt=\"\" loading=\"lazy\" \/>\t\t\t\t\t\t\t\t\t\t\t\t\t\t\t<\/div>\n\t\t\t\t<\/div>\n\t\t\t\t<div class=\"elementor-element elementor-element-b5cc7fe elementor-widget elementor-widget-text-editor\" data-id=\"b5cc7fe\" data-element_type=\"widget\" data-widget_type=\"text-editor.default\">\n\t\t\t\t<div class=\"elementor-widget-container\">\n\t\t\t<style>\/*! elementor - v3.11.1 - 15-02-2023 *\/\n.elementor-widget-text-editor.elementor-drop-cap-view-stacked .elementor-drop-cap{background-color:#818a91;color:#fff}.elementor-widget-text-editor.elementor-drop-cap-view-framed .elementor-drop-cap{color:#818a91;border:3px solid;background-color:transparent}.elementor-widget-text-editor:not(.elementor-drop-cap-view-default) .elementor-drop-cap{margin-top:8px}.elementor-widget-text-editor:not(.elementor-drop-cap-view-default) .elementor-drop-cap-letter{width:1em;height:1em}.elementor-widget-text-editor .elementor-drop-cap{float:left;text-align:center;line-height:1;font-size:50px}.elementor-widget-text-editor .elementor-drop-cap-letter{display:inline-block}<\/style>\t\t\t\t<p><b>Tensiones y Debates en torno a la evaluaci\u00f3n. Un an\u00e1lisis Pedag\u00f3gico-did\u00e1ctico.<\/b><\/p><p><b>Docentes responsables:<\/b>\u00a0Federico Grasso-Tamara Ram\u00edrez<\/p><div><b>Destinatarios:<\/b>\u00a0estudiantes de los tres profesorados que hayan cursado Pedagog\u00eda y Did\u00e1ctica General.\u00a0<\/div><div><b>Cupo:<\/b>\u00a025 (veinticinco estudiantes)<\/div><div><b>Horas que acredita:\u00a0<\/b>20 hs.<\/div><div><b>D\u00eda y hora:<\/b>\u00a0martes 23 de septiembre de 18 a 20 hs.<\/div><div>Link Inscripci\u00f3n: <a href=\"https:\/\/forms.gle\/mmbVYxoHThNua7pZ6\">https:\/\/forms.gle\/mmbVYxoHThNua7pZ6<\/a><\/div><div>\u00a0<\/div><div><b>Preadolescencia y Adolescencia. Deseo de aprender. V\u00ednculos Escolares.<\/b><\/div><div><p><b>Docente referente:<\/b>\u00a0Lic. Natalia Soledad Valgoi<\/p><div><b>Destinatarios:<\/b>\u00a0estudiantes de los tres profesorados.<\/div><div><b>Cupo:\u00a0<\/b>30 estudiantes<\/div><div><b>Horas que acredita:<\/b>\u00a020 hs.<\/div><div><b>D\u00eda y Hora:<\/b> viernes 3 de octubre 14 a 16 hs<\/div><div>Link Inscripci\u00f3n:\u00a0 CUPO COMPLETO<\/div><div>\u00a0<\/div><\/div><div><b>El aula como territorio de despliegue creativo<\/b><\/div><div><p><b><u>Docentes responsables<\/u>:<\/b><\/p><div>-Mart\u00edn Ruiz<\/div><div>-Lic. Vanesa Giordano<\/div><div><b><u>Docentes referentes<\/u>:<\/b><\/div><div>-Virginia Porrino<\/div><div>-Giselle Garat<\/div><div>-Sebasti\u00e1n Orme\u00f1o Belzagui<\/div><div>-Andr\u00e9s Iba\u00f1ez<\/div><div><u><b>Destinatarios<\/b><\/u>: estudiantes que se encuentren cursando alg\u00fan espacio curricular de tercer a\u00f1o de los tres profesorados.<\/div><div><b><u>Cupo<\/u>:<\/b>\u00a060 estudiantes<\/div><div><b><u>Horas que acredita<\/u>:<\/b>\u00a020 (veinte) horas.<\/div><div><b><u>D\u00eda y hora<\/u>:\u00a0<\/b>Lunes 6 de octubre de 14 a 16 hs.<\/div><\/div><div>Link Inscripci\u00f3n: <a href=\"https:\/\/forms.gle\/8BwA5swbfWoZhkDx9\">\u00a0https:\/\/forms.gle\/8BwA5swbfWoZhkDx9<\/a><\/div>\t\t\t\t\t\t<\/div>\n\t\t\t\t<\/div>\n\t\t\t\t\t<\/div>\n\t\t<\/div>\n\t\t\t\t\t\t\t<\/div>\n\t\t<\/section>\n\t\t\t\t\t<\/div>\n\t\t<\/div>\n\t\t\t\t\t\t\t<\/div>\n\t\t<\/section>\n\t\t\t\t\t\t\t<\/div>\n\t\t","protected":false},"excerpt":{"rendered":"<p>Tensiones y Debates en torno a la evaluaci\u00f3n. Un an\u00e1lisis Pedag\u00f3gico-did\u00e1ctico. Docentes responsables:\u00a0Federico Grasso-Tamara Ram\u00edrez Destinatarios:\u00a0estudiantes de los tres profesorados que hayan cursado Pedagog\u00eda y Did\u00e1ctica General.\u00a0Cupo:\u00a025 (veinticinco estudiantes)Horas que acredita:\u00a020 hs.D\u00eda y hora:\u00a0martes 23 de septiembre de 18 a 20 hs.Link Inscripci\u00f3n: https:\/\/forms.gle\/mmbVYxoHThNua7pZ6\u00a0Preadolescencia y Adolescencia. Deseo de aprender. V\u00ednculos Escolares. Docente referente:\u00a0Lic. Natalia Soledad [&hellip;]<\/p>\n","protected":false},"author":4,"featured_media":0,"comment_status":"closed","ping_status":"closed","sticky":false,"template":"","format":"standard","meta":{"footnotes":""},"categories":[1],"tags":[],"class_list":["post-4782","post","type-post","status-publish","format-standard","hentry","category-varios"],"_links":{"self":[{"href":"https:\/\/ifdcregina.edu.ar\/sitio\/wp-json\/wp\/v2\/posts\/4782","targetHints":{"allow":["GET"]}}],"collection":[{"href":"https:\/\/ifdcregina.edu.ar\/sitio\/wp-json\/wp\/v2\/posts"}],"about":[{"href":"https:\/\/ifdcregina.edu.ar\/sitio\/wp-json\/wp\/v2\/types\/post"}],"author":[{"embeddable":true,"href":"https:\/\/ifdcregina.edu.ar\/sitio\/wp-json\/wp\/v2\/users\/4"}],"replies":[{"embeddable":true,"href":"https:\/\/ifdcregina.edu.ar\/sitio\/wp-json\/wp\/v2\/comments?post=4782"}],"version-history":[{"count":34,"href":"https:\/\/ifdcregina.edu.ar\/sitio\/wp-json\/wp\/v2\/posts\/4782\/revisions"}],"predecessor-version":[{"id":5017,"href":"https:\/\/ifdcregina.edu.ar\/sitio\/wp-json\/wp\/v2\/posts\/4782\/revisions\/5017"}],"wp:attachment":[{"href":"https:\/\/ifdcregina.edu.ar\/sitio\/wp-json\/wp\/v2\/media?parent=4782"}],"wp:term":[{"taxonomy":"category","embeddable":true,"href":"https:\/\/ifdcregina.edu.ar\/sitio\/wp-json\/wp\/v2\/categories?post=4782"},{"taxonomy":"post_tag","embeddable":true,"href":"https:\/\/ifdcregina.edu.ar\/sitio\/wp-json\/wp\/v2\/tags?post=4782"}],"curies":[{"name":"wp","href":"https:\/\/api.w.org\/{rel}","templated":true}]}}