{"id":4564,"date":"2025-09-16T11:05:13","date_gmt":"2025-09-16T14:05:13","guid":{"rendered":"https:\/\/ifdcregina.edu.ar\/sitio\/?p=4564"},"modified":"2025-09-25T11:33:47","modified_gmt":"2025-09-25T14:33:47","slug":"inscripcion-edi-9","status":"publish","type":"post","link":"https:\/\/ifdcregina.edu.ar\/sitio\/varios\/inscripcion-edi-9\/","title":{"rendered":"Inscripci\u00f3n EDI"},"content":{"rendered":"\t\t<div data-elementor-type=\"wp-post\" data-elementor-id=\"4564\" class=\"elementor elementor-4564\">\n\t\t\t\t\t\t\t\t\t<section class=\"elementor-section elementor-top-section elementor-element elementor-element-1b5d8ba elementor-section-boxed elementor-section-height-default elementor-section-height-default\" data-id=\"1b5d8ba\" data-element_type=\"section\">\n\t\t\t\t\t\t<div class=\"elementor-container elementor-column-gap-default\">\n\t\t\t\t\t<div class=\"elementor-column elementor-col-100 elementor-top-column elementor-element elementor-element-8b58e44\" data-id=\"8b58e44\" data-element_type=\"column\">\n\t\t\t<div class=\"elementor-widget-wrap elementor-element-populated\">\n\t\t\t\t\t\t\t\t<section class=\"elementor-section elementor-inner-section elementor-element elementor-element-1d9b838 elementor-section-boxed elementor-section-height-default elementor-section-height-default\" data-id=\"1d9b838\" data-element_type=\"section\">\n\t\t\t\t\t\t<div class=\"elementor-container elementor-column-gap-default\">\n\t\t\t\t\t<div class=\"elementor-column elementor-col-50 elementor-inner-column elementor-element elementor-element-0b691d5\" data-id=\"0b691d5\" data-element_type=\"column\">\n\t\t\t<div class=\"elementor-widget-wrap elementor-element-populated\">\n\t\t\t\t\t\t\t\t<div class=\"elementor-element elementor-element-159dbee elementor-widget elementor-widget-image\" data-id=\"159dbee\" data-element_type=\"widget\" data-widget_type=\"image.default\">\n\t\t\t\t<div class=\"elementor-widget-container\">\n\t\t\t<style>\/*! elementor - v3.11.1 - 15-02-2023 *\/\n.elementor-widget-image{text-align:center}.elementor-widget-image a{display:inline-block}.elementor-widget-image a img[src$=\".svg\"]{width:48px}.elementor-widget-image img{vertical-align:middle;display:inline-block}<\/style>\t\t\t\t\t\t\t\t\t\t\t\t<img decoding=\"async\" src=\"https:\/\/lh3.googleusercontent.com\/pw\/AP1GczM69IRHW9oLCmmPcgiFF4uMaQhJ68vC-kP1tjJp06VA5Hunbanj0xX0SeHh2tqURqM6JyyhA6SABXVR4WZLtRH1KqenilmQ7e7w3AImTY4LpnrKcSU=w2400\" title=\"\" alt=\"\" loading=\"lazy\" \/>\t\t\t\t\t\t\t\t\t\t\t\t\t\t\t<\/div>\n\t\t\t\t<\/div>\n\t\t\t\t\t<\/div>\n\t\t<\/div>\n\t\t\t\t<div class=\"elementor-column elementor-col-50 elementor-inner-column elementor-element elementor-element-07fd072\" data-id=\"07fd072\" data-element_type=\"column\">\n\t\t\t<div class=\"elementor-widget-wrap elementor-element-populated\">\n\t\t\t\t\t\t\t\t<div class=\"elementor-element elementor-element-ef0af6b elementor-widget elementor-widget-text-editor\" data-id=\"ef0af6b\" data-element_type=\"widget\" data-widget_type=\"text-editor.default\">\n\t\t\t\t<div class=\"elementor-widget-container\">\n\t\t\t<style>\/*! elementor - v3.11.1 - 15-02-2023 *\/\n.elementor-widget-text-editor.elementor-drop-cap-view-stacked .elementor-drop-cap{background-color:#818a91;color:#fff}.elementor-widget-text-editor.elementor-drop-cap-view-framed .elementor-drop-cap{color:#818a91;border:3px solid;background-color:transparent}.elementor-widget-text-editor:not(.elementor-drop-cap-view-default) .elementor-drop-cap{margin-top:8px}.elementor-widget-text-editor:not(.elementor-drop-cap-view-default) .elementor-drop-cap-letter{width:1em;height:1em}.elementor-widget-text-editor .elementor-drop-cap{float:left;text-align:center;line-height:1;font-size:50px}.elementor-widget-text-editor .elementor-drop-cap-letter{display:inline-block}<\/style>\t\t\t\t<p><b>Tensiones y Debates en torno a la evaluaci\u00f3n. Un an\u00e1lisis Pedag\u00f3gico-did\u00e1ctico.<\/b><\/p>\n<p><b>Docentes responsables:<\/b>&nbsp;Federico Grasso-Tamara Ram\u00edrez<\/p>\n<div><b>Destinatarios:<\/b>&nbsp;estudiantes de los tres profesorados que hayan cursado Pedagog\u00eda y Did\u00e1ctica General.&nbsp;<\/div>\n<div><b>Cupo:<\/b>&nbsp;25 (veinticinco estudiantes)<\/div>\n<div><b>Horas que acredita:&nbsp;<\/b>20 hs.<\/div>\n<div><b>D\u00eda y hora:<\/b>&nbsp;martes 23 de septiembre de 18 a 20 hs.<\/div>\n<div>Link Inscripci\u00f3n: <a href=\"https:\/\/forms.gle\/mmbVYxoHThNua7pZ6\">https:\/\/forms.gle\/mmbVYxoHThNua7pZ6<\/a><\/div>\n<div>&nbsp;<\/div>\n<div><b>Preadolescencia y Adolescencia. Deseo de aprender. V\u00ednculos Escolares.<\/b><\/div>\n<div>\n<p><b>Docente referente:<\/b>&nbsp;Lic. Natalia Soledad Valgoi<\/p>\n<div><b>Destinatarios:<\/b>&nbsp;estudiantes de los tres profesorados.<\/div>\n<div><b>Cupo:&nbsp;<\/b>30 estudiantes<\/div>\n<div><b>Horas que acredita:<\/b>&nbsp;20 hs.<\/div>\n<div><b>D\u00eda y Hora:<\/b> viernes 3 de octubre 14 a 16 hs<\/div>\n<div>Link Inscripci\u00f3n: <a href=\"https:\/\/forms.gle\/xB74xmr4NHoe4kjF6\">https:\/\/forms.gle\/xB74xmr4NHoe4kjF6<\/a><\/div>\n<\/div>\n<div>&nbsp;<\/div>\n<div><b>El aula como territorio de despliegue creativo<\/b><\/div>\n<div>\n<p><b><u>Docentes responsables<\/u>:<\/b><\/p>\n<div>-Mart\u00edn Ruiz<\/div>\n<div>-Lic. Vanesa Giordano<\/div>\n<div><b><u>Docentes referentes<\/u>:<\/b><\/div>\n<div>-Virginia Porrino<\/div>\n<div>-Giselle Garat<\/div>\n<div>-Sebasti\u00e1n Orme\u00f1o Belzagui<\/div>\n<div>-Andr\u00e9s Iba\u00f1ez<\/div>\n<div><u><b>Destinatarios<\/b><\/u>: estudiantes que se encuentren cursando alg\u00fan espacio curricular de tercer a\u00f1o de los tres profesorados.<\/div>\n<div><b><u>Cupo<\/u>:<\/b>&nbsp;60 estudiantes<\/div>\n<div><b><u>Horas que acredita<\/u>:<\/b>&nbsp;20 (veinte) horas.<\/div>\n<div><b><u>D\u00eda y hora<\/u>:&nbsp;<\/b>Lunes 6 de octubre de 14 a 16 hs.<\/div>\n<\/div>\n<div>Link Inscripci\u00f3n: <a href=\"https:\/\/forms.gle\/8BwA5swbfWoZhkDx9\">&nbsp;https:\/\/forms.gle\/8BwA5swbfWoZhkDx9<\/a><\/div>\n<div>&nbsp;que s&nbsp;<\/div>\t\t\t\t\t\t<\/div>\n\t\t\t\t<\/div>\n\t\t\t\t\t<\/div>\n\t\t<\/div>\n\t\t\t\t\t\t\t<\/div>\n\t\t<\/section>\n\t\t\t\t\t<\/div>\n\t\t<\/div>\n\t\t\t\t\t\t\t<\/div>\n\t\t<\/section>\n\t\t\t\t\t\t\t<\/div>\n\t\t","protected":false},"excerpt":{"rendered":"<p>Tensiones y Debates en torno a la evaluaci\u00f3n. Un an\u00e1lisis Pedag\u00f3gico-did\u00e1ctico. Docentes responsables:&nbsp;Federico Grasso-Tamara Ram\u00edrez Destinatarios:&nbsp;estudiantes de los tres profesorados que hayan cursado Pedagog\u00eda y Did\u00e1ctica General.&nbsp; Cupo:&nbsp;25 (veinticinco estudiantes) Horas que acredita:&nbsp;20 hs. D\u00eda y hora:&nbsp;martes 23 de septiembre de 18 a 20 hs. Link Inscripci\u00f3n: https:\/\/forms.gle\/mmbVYxoHThNua7pZ6 &nbsp; Preadolescencia y Adolescencia. Deseo de aprender. [&hellip;]<\/p>\n","protected":false},"author":4,"featured_media":0,"comment_status":"closed","ping_status":"closed","sticky":false,"template":"","format":"standard","meta":{"footnotes":""},"categories":[1],"tags":[],"class_list":["post-4564","post","type-post","status-publish","format-standard","hentry","category-varios"],"_links":{"self":[{"href":"https:\/\/ifdcregina.edu.ar\/sitio\/wp-json\/wp\/v2\/posts\/4564","targetHints":{"allow":["GET"]}}],"collection":[{"href":"https:\/\/ifdcregina.edu.ar\/sitio\/wp-json\/wp\/v2\/posts"}],"about":[{"href":"https:\/\/ifdcregina.edu.ar\/sitio\/wp-json\/wp\/v2\/types\/post"}],"author":[{"embeddable":true,"href":"https:\/\/ifdcregina.edu.ar\/sitio\/wp-json\/wp\/v2\/users\/4"}],"replies":[{"embeddable":true,"href":"https:\/\/ifdcregina.edu.ar\/sitio\/wp-json\/wp\/v2\/comments?post=4564"}],"version-history":[{"count":15,"href":"https:\/\/ifdcregina.edu.ar\/sitio\/wp-json\/wp\/v2\/posts\/4564\/revisions"}],"predecessor-version":[{"id":4787,"href":"https:\/\/ifdcregina.edu.ar\/sitio\/wp-json\/wp\/v2\/posts\/4564\/revisions\/4787"}],"wp:attachment":[{"href":"https:\/\/ifdcregina.edu.ar\/sitio\/wp-json\/wp\/v2\/media?parent=4564"}],"wp:term":[{"taxonomy":"category","embeddable":true,"href":"https:\/\/ifdcregina.edu.ar\/sitio\/wp-json\/wp\/v2\/categories?post=4564"},{"taxonomy":"post_tag","embeddable":true,"href":"https:\/\/ifdcregina.edu.ar\/sitio\/wp-json\/wp\/v2\/tags?post=4564"}],"curies":[{"name":"wp","href":"https:\/\/api.w.org\/{rel}","templated":true}]}}