{"id":3810,"date":"2025-04-24T19:44:36","date_gmt":"2025-04-24T22:44:36","guid":{"rendered":"https:\/\/ifdcregina.edu.ar\/sitio\/?p=3810"},"modified":"2025-04-24T19:51:40","modified_gmt":"2025-04-24T22:51:40","slug":"inscripcion-edi-8","status":"publish","type":"post","link":"https:\/\/ifdcregina.edu.ar\/sitio\/varios\/inscripcion-edi-8\/","title":{"rendered":"Inscripci\u00f3n EDI"},"content":{"rendered":"\t\t<div data-elementor-type=\"wp-post\" data-elementor-id=\"3810\" class=\"elementor elementor-3810\">\n\t\t\t\t\t\t\t\t\t<section class=\"elementor-section elementor-top-section elementor-element elementor-element-f2980db elementor-section-boxed elementor-section-height-default elementor-section-height-default\" data-id=\"f2980db\" data-element_type=\"section\">\n\t\t\t\t\t\t<div class=\"elementor-container elementor-column-gap-default\">\n\t\t\t\t\t<div class=\"elementor-column elementor-col-100 elementor-top-column elementor-element elementor-element-7eb4e68\" data-id=\"7eb4e68\" data-element_type=\"column\">\n\t\t\t<div class=\"elementor-widget-wrap elementor-element-populated\">\n\t\t\t\t\t\t\t\t<section class=\"elementor-section elementor-inner-section elementor-element elementor-element-2349044 elementor-section-boxed elementor-section-height-default elementor-section-height-default\" data-id=\"2349044\" data-element_type=\"section\">\n\t\t\t\t\t\t<div class=\"elementor-container elementor-column-gap-default\">\n\t\t\t\t\t<div class=\"elementor-column elementor-col-50 elementor-inner-column elementor-element elementor-element-f73d216\" data-id=\"f73d216\" data-element_type=\"column\">\n\t\t\t<div class=\"elementor-widget-wrap elementor-element-populated\">\n\t\t\t\t\t\t\t\t<div class=\"elementor-element elementor-element-eb73dc0 elementor-widget elementor-widget-image\" data-id=\"eb73dc0\" data-element_type=\"widget\" data-widget_type=\"image.default\">\n\t\t\t\t<div class=\"elementor-widget-container\">\n\t\t\t<style>\/*! elementor - v3.11.1 - 15-02-2023 *\/\n.elementor-widget-image{text-align:center}.elementor-widget-image a{display:inline-block}.elementor-widget-image a img[src$=\".svg\"]{width:48px}.elementor-widget-image img{vertical-align:middle;display:inline-block}<\/style>\t\t\t\t\t\t\t\t\t\t\t\t<img decoding=\"async\" src=\"https:\/\/lh3.googleusercontent.com\/pw\/AP1GczMBH1tztWnZvD4wTWXLCA_e3Iebr941ghTfmjzB7jmC5R3g5UWS_827rOdwldTxmYg1RzvE24cvlaMY8PHI5S87NS9jNfMTgYrGhsnqzLUUr6kXczs=w2400\" title=\"\" alt=\"\" loading=\"lazy\" \/>\t\t\t\t\t\t\t\t\t\t\t\t\t\t\t<\/div>\n\t\t\t\t<\/div>\n\t\t\t\t\t<\/div>\n\t\t<\/div>\n\t\t\t\t<div class=\"elementor-column elementor-col-50 elementor-inner-column elementor-element elementor-element-4338c59\" data-id=\"4338c59\" data-element_type=\"column\">\n\t\t\t<div class=\"elementor-widget-wrap elementor-element-populated\">\n\t\t\t\t\t\t\t\t<div class=\"elementor-element elementor-element-9e9279a elementor-widget elementor-widget-text-editor\" data-id=\"9e9279a\" data-element_type=\"widget\" data-widget_type=\"text-editor.default\">\n\t\t\t\t<div class=\"elementor-widget-container\">\n\t\t\t<style>\/*! elementor - v3.11.1 - 15-02-2023 *\/\n.elementor-widget-text-editor.elementor-drop-cap-view-stacked .elementor-drop-cap{background-color:#818a91;color:#fff}.elementor-widget-text-editor.elementor-drop-cap-view-framed .elementor-drop-cap{color:#818a91;border:3px solid;background-color:transparent}.elementor-widget-text-editor:not(.elementor-drop-cap-view-default) .elementor-drop-cap{margin-top:8px}.elementor-widget-text-editor:not(.elementor-drop-cap-view-default) .elementor-drop-cap-letter{width:1em;height:1em}.elementor-widget-text-editor .elementor-drop-cap{float:left;text-align:center;line-height:1;font-size:50px}.elementor-widget-text-editor .elementor-drop-cap-letter{display:inline-block}<\/style>\t\t\t\t<p><strong><u>\u201cLibro \u00c1lbum en Braille\u201d<\/u><\/strong><\/p><p><strong>Docente Responsable:\u00a0<\/strong>Prof. Patricia Paolorossi y Prof. Mar\u00eda Estela Castro<\/p><p><strong>Destinatarios:\u00a0<\/strong>Estudiantes de los profesorados de Educaci\u00f3n Primaria y Educaci\u00f3n Especial\u00a0<\/p><p><strong>Horas que acredita<\/strong>: 30 (treinta) horas<\/p><p><strong>Comienza: 15\/05\/25<\/strong><\/p><p><strong>INSCRIPCIONES<\/strong>: Comunicarse con la Profesora Patricia Paolorossi en sus horas de consulta o al mail patriciapaolorossi@gmail.com \u00a0<\/p>\t\t\t\t\t\t<\/div>\n\t\t\t\t<\/div>\n\t\t\t\t\t<\/div>\n\t\t<\/div>\n\t\t\t\t\t\t\t<\/div>\n\t\t<\/section>\n\t\t\t\t<div class=\"elementor-element elementor-element-60b80ad elementor-widget elementor-widget-text-editor\" data-id=\"60b80ad\" data-element_type=\"widget\" data-widget_type=\"text-editor.default\">\n\t\t\t\t<div class=\"elementor-widget-container\">\n\t\t\t\t\t\t\t<p><strong><u>EDI: <\/u><\/strong><strong>\u201cMatem\u00e1tica sin barreras: planificaci\u00f3n para una ense\u00f1anza accesible e inclusiva<\/strong>\u201d<\/p><p><strong>Docentes Responsables:<\/strong> Norma Verzini, Natalia Fioretti, Juan Contreras<\/p><p><strong>Destinatarios: <\/strong>Estudiantes avanzadas\/os de los Profesorados de Educaci\u00f3n Primaria y Profesorado en Educaci\u00f3n Especial con Orientaci\u00f3n en Discapacidad Intelectual. <strong>-Estudiantes del PEP<\/strong>: tener aprobado el cursado de Matem\u00e1tica y su Did\u00e1ctica III. &#8211;<strong>Estudiantes del PEE<\/strong>: tener aprobado el cursado de Matem\u00e1tica y su Did\u00e1ctica.<\/p><p><strong>Horas que acredita: <\/strong>20 hs<\/p><p><strong>D\u00eda y Hora:\u00a0<\/strong>Mi\u00e9rcoles 14\/05 de 12 a 14 hs<\/p><p>Inscripciones: <a href=\"https:\/\/forms.gle\/K1NJKvwBsG5evcZ2A\">https:\/\/forms.gle\/K1NJKvwBsG5evcZ2A<\/a><\/p><p><strong>\u00a0<\/strong><\/p><p><strong><u>EDI: <\/u><\/strong><strong>\u201c<\/strong><strong>Los primeros pasos en la experiencia de investigaci\u00f3n educativa<\/strong>\u201d<\/p><p><strong>Docentes Responsables:<\/strong> Samanta Dherv\u00e9<\/p><p><strong>Destinatarios: <\/strong>Estudiantes que tengan cursado completo el primer a\u00f1o de las carreras del profesorado en Ense\u00f1anza Primaria, del profesorado de Educaci\u00f3n Especial y del profesorado de Lengua y Literatura.<\/p><p><strong>Horas que acredita: <\/strong>20 hs<\/p><p><strong>D\u00eda y Hora:\u00a0<\/strong>Lunes 12\/05 de 10 a 12 hs<\/p><p>Inscripciones: <a href=\"https:\/\/forms.gle\/77b1HYEV1Nj7wWwc9\"><strong>https:\/\/forms.gle\/77b1HYEV1Nj7wWwc9<\/strong><\/a><\/p><p>\u00a0 \u00a0\u00a0\u00a0\u00a0\u00a0\u00a0\u00a0\u00a0\u00a0\u00a0\u00a0\u00a0\u00a0\u00a0\u00a0\u00a0\u00a0\u00a0\u00a0\u00a0\u00a0\u00a0\u00a0\u00a0\u00a0\u00a0\u00a0\u00a0\u00a0\u00a0\u00a0\u00a0\u00a0\u00a0\u00a0\u00a0\u00a0\u00a0\u00a0\u00a0\u00a0\u00a0\u00a0\u00a0\u00a0\u00a0\u00a0\u00a0\u00a0\u00a0\u00a0\u00a0\u00a0\u00a0\u00a0\u00a0\u00a0\u00a0\u00a0\u00a0\u00a0\u00a0\u00a0\u00a0\u00a0\u00a0\u00a0\u00a0\u00a0\u00a0\u00a0\u00a0\u00a0\u00a0\u00a0\u00a0\u00a0\u00a0\u00a0\u00a0\u00a0\u00a0\u00a0\u00a0\u00a0\u00a0\u00a0\u00a0\u00a0\u00a0\u00a0 \u00a0\u00a0\u00a0\u00a0\u00a0\u00a0\u00a0\u00a0\u00a0\u00a0\u00a0\u00a0\u00a0\u00a0\u00a0\u00a0<\/p><p><strong><u>EDI: <\/u><\/strong><strong>\u201c<\/strong><strong>Literatura, experiencia y formaci\u00f3n<\/strong>\u201d<\/p><p><strong>Docentes Responsables:<\/strong> Gabriela Catini, Mariana Rizuto<\/p><p><strong>Destinatarios: <\/strong>Estudiantes del Profesorado de Educaci\u00f3n Primaria y del Profesorado de Educaci\u00f3n Secundaria en Lengua y Literatura<\/p><p><strong>Horas que acredita: <\/strong>20 hs<\/p><p><strong>D\u00eda y Hora:\u00a0<\/strong>Martes 13\/05 de 10 a 12 hs<\/p><p>Inscripciones: <a href=\"https:\/\/forms.gle\/PB4xxY2uXdeRBYwq5\"><strong>https:\/\/forms.gle\/PB4xxY2uXdeRBYwq5<\/strong><\/a><\/p><p>\u00a0<\/p><p><strong><u>EDI: <\/u><\/strong><strong>\u201c<\/strong><strong>Elaboraci\u00f3n de audio-cuentos como recurso did\u00e1ctico<\/strong>\u201d<\/p><p><strong>Docentes Responsables: <\/strong>Jorge Carri\u00f3n, Leticia Scarpa, Andr\u00e9s Iba\u00f1ez<\/p><p><strong>Destinatarios:<\/strong> Estudiantes del Profesorado de Educaci\u00f3n Secundaria en Lengua y Literatura<\/p><p><strong>Horas que acredita: <\/strong>30 hs<\/p><p><strong>D\u00eda y Hora:\u00a0<\/strong>Mi\u00e9rcoles 14\/05 de 12 a 14 hs<\/p><p>Inscripciones: <a href=\"https:\/\/forms.gle\/8NiKU8Dd58Ua9CAN9\"><strong>https:\/\/forms.gle\/8NiKU8Dd58Ua9CAN9<\/strong><\/a><\/p><p>\u00a0<\/p><p><strong><u>EDI: <\/u><\/strong><strong>\u201c<\/strong><strong>Educaci\u00f3n Ambiental Integral. La ense\u00f1anza de problemas socioambientales abordados desde las ciencias sociales y ciencias naturales del Profesorado de Educaci\u00f3n Primaria<\/strong>\u201d<\/p><p><strong>Docentes Responsables: <\/strong>Luciana Ritaco, Damian Catini, Miguel Garc\u00eda<\/p><p><strong>Destinatarios: <\/strong>Estudiantes de los tres profesorados<\/p><p><strong>Horas que acredita: <\/strong>20 hs<\/p><p><strong>D\u00eda y Hora:\u00a0<\/strong>Lunes 12\/05 de 18 a 20 hs<\/p><p>Inscripciones: <a href=\"https:\/\/forms.gle\/15jFbGLuU3hUqRL9A\"><strong>https:\/\/forms.gle\/15jFbGLuU3hUqRL9A<\/strong><\/a><\/p><p>\u00a0<\/p><p><strong><u>EDI: <\/u><\/strong><strong>\u201c<\/strong><strong>Pensar nuestra historia reciente en las aulas: el Terrorismo de Estado desde una Pedagog\u00eda de la Memoria<\/strong>\u201d<\/p><p><strong>Docentes Responsables:<\/strong> Laura Valdez, Macarena Morales, Eva Rave, Ana Gabes<\/p><p><strong>Destinatarios:<\/strong> Estudiantes de los tres profesorados<\/p><p><strong>Horas que acredita:<\/strong> 20 hs<\/p><p>Inscripciones: <a href=\"https:\/\/forms.gle\/dCzaWvmc4GWePirF7\"><strong>https:\/\/forms.gle\/dCzaWvmc4GWePirF7<\/strong><\/a><\/p><p>\u00a0<\/p><p><strong><u>EDI: <\/u><\/strong><strong>\u201c<\/strong><strong>El estudiante como autor. La preparaci\u00f3n de temas de examen final como oportunidad para la producci\u00f3n de conocimiento<\/strong>\u201d<\/p><p><strong>Docentes Responsables:<\/strong> Ramiro Acevedo, Florencia Ugarte<\/p><p><strong>Destinatarios:<\/strong> Estudiantes de los tres profesorados<\/p><p><strong>Horas que acredita:<\/strong> 20 hs<\/p><p>Inscripciones: <strong>En secretar\u00eda<\/strong><\/p>\t\t\t\t\t\t<\/div>\n\t\t\t\t<\/div>\n\t\t\t\t\t<\/div>\n\t\t<\/div>\n\t\t\t\t\t\t\t<\/div>\n\t\t<\/section>\n\t\t\t\t\t\t\t<\/div>\n\t\t","protected":false},"excerpt":{"rendered":"<p>\u201cLibro \u00c1lbum en Braille\u201d Docente Responsable:\u00a0Prof. Patricia Paolorossi y Prof. Mar\u00eda Estela Castro Destinatarios:\u00a0Estudiantes de los profesorados de Educaci\u00f3n Primaria y Educaci\u00f3n Especial\u00a0 Horas que acredita: 30 (treinta) horas Comienza: 15\/05\/25 INSCRIPCIONES: Comunicarse con la Profesora Patricia Paolorossi en sus horas de consulta o al mail patriciapaolorossi@gmail.com \u00a0 EDI: \u201cMatem\u00e1tica sin barreras: planificaci\u00f3n para una [&hellip;]<\/p>\n","protected":false},"author":4,"featured_media":1,"comment_status":"closed","ping_status":"closed","sticky":false,"template":"","format":"standard","meta":{"footnotes":""},"categories":[1],"tags":[],"class_list":["post-3810","post","type-post","status-publish","format-standard","has-post-thumbnail","hentry","category-varios"],"_links":{"self":[{"href":"https:\/\/ifdcregina.edu.ar\/sitio\/wp-json\/wp\/v2\/posts\/3810","targetHints":{"allow":["GET"]}}],"collection":[{"href":"https:\/\/ifdcregina.edu.ar\/sitio\/wp-json\/wp\/v2\/posts"}],"about":[{"href":"https:\/\/ifdcregina.edu.ar\/sitio\/wp-json\/wp\/v2\/types\/post"}],"author":[{"embeddable":true,"href":"https:\/\/ifdcregina.edu.ar\/sitio\/wp-json\/wp\/v2\/users\/4"}],"replies":[{"embeddable":true,"href":"https:\/\/ifdcregina.edu.ar\/sitio\/wp-json\/wp\/v2\/comments?post=3810"}],"version-history":[{"count":4,"href":"https:\/\/ifdcregina.edu.ar\/sitio\/wp-json\/wp\/v2\/posts\/3810\/revisions"}],"predecessor-version":[{"id":3814,"href":"https:\/\/ifdcregina.edu.ar\/sitio\/wp-json\/wp\/v2\/posts\/3810\/revisions\/3814"}],"wp:featuredmedia":[{"embeddable":true,"href":"https:\/\/ifdcregina.edu.ar\/sitio\/wp-json\/"}],"wp:attachment":[{"href":"https:\/\/ifdcregina.edu.ar\/sitio\/wp-json\/wp\/v2\/media?parent=3810"}],"wp:term":[{"taxonomy":"category","embeddable":true,"href":"https:\/\/ifdcregina.edu.ar\/sitio\/wp-json\/wp\/v2\/categories?post=3810"},{"taxonomy":"post_tag","embeddable":true,"href":"https:\/\/ifdcregina.edu.ar\/sitio\/wp-json\/wp\/v2\/tags?post=3810"}],"curies":[{"name":"wp","href":"https:\/\/api.w.org\/{rel}","templated":true}]}}