{"id":3388,"date":"2024-04-15T14:37:59","date_gmt":"2024-04-15T17:37:59","guid":{"rendered":"https:\/\/ifdcregina.edu.ar\/sitio\/?p=3388"},"modified":"2025-06-03T10:59:07","modified_gmt":"2025-06-03T13:59:07","slug":"espacio-de-cuidado-y-juego","status":"publish","type":"post","link":"https:\/\/ifdcregina.edu.ar\/sitio\/varios\/espacio-de-cuidado-y-juego\/","title":{"rendered":"Espacio de Cuidado y Juego"},"content":{"rendered":"\t\t<div data-elementor-type=\"wp-post\" data-elementor-id=\"3388\" class=\"elementor elementor-3388\">\n\t\t\t\t\t\t\t\t\t<section class=\"elementor-section elementor-top-section elementor-element elementor-element-28867208 elementor-section-boxed elementor-section-height-default elementor-section-height-default\" data-id=\"28867208\" data-element_type=\"section\">\n\t\t\t\t\t\t<div class=\"elementor-container elementor-column-gap-default\">\n\t\t\t\t\t<div class=\"elementor-column elementor-col-100 elementor-top-column elementor-element elementor-element-47be5830\" data-id=\"47be5830\" data-element_type=\"column\">\n\t\t\t<div class=\"elementor-widget-wrap elementor-element-populated\">\n\t\t\t\t\t\t\t\t<div class=\"elementor-element elementor-element-3ea9cb48 elementor-widget elementor-widget-text-editor\" data-id=\"3ea9cb48\" data-element_type=\"widget\" data-widget_type=\"text-editor.default\">\n\t\t\t\t<div class=\"elementor-widget-container\">\n\t\t\t<style>\/*! elementor - v3.11.1 - 15-02-2023 *\/\n.elementor-widget-text-editor.elementor-drop-cap-view-stacked .elementor-drop-cap{background-color:#818a91;color:#fff}.elementor-widget-text-editor.elementor-drop-cap-view-framed .elementor-drop-cap{color:#818a91;border:3px solid;background-color:transparent}.elementor-widget-text-editor:not(.elementor-drop-cap-view-default) .elementor-drop-cap{margin-top:8px}.elementor-widget-text-editor:not(.elementor-drop-cap-view-default) .elementor-drop-cap-letter{width:1em;height:1em}.elementor-widget-text-editor .elementor-drop-cap{float:left;text-align:center;line-height:1;font-size:50px}.elementor-widget-text-editor .elementor-drop-cap-letter{display:inline-block}<\/style>\t\t\t\t<!-- wp:paragraph {\"fontSize\":\"medium\"} -->\n<p class=\"has-medium-font-size\"><\/p>\n<!-- \/wp:paragraph -->\n\n<!-- wp:paragraph -->\n<p><\/p>\n<!-- \/wp:paragraph -->\t\t\t\t\t\t<\/div>\n\t\t\t\t<\/div>\n\t\t\t\t<div class=\"elementor-element elementor-element-6e67bae elementor-widget elementor-widget-image\" data-id=\"6e67bae\" data-element_type=\"widget\" data-widget_type=\"image.default\">\n\t\t\t\t<div class=\"elementor-widget-container\">\n\t\t\t<style>\/*! elementor - v3.11.1 - 15-02-2023 *\/\n.elementor-widget-image{text-align:center}.elementor-widget-image a{display:inline-block}.elementor-widget-image a img[src$=\".svg\"]{width:48px}.elementor-widget-image img{vertical-align:middle;display:inline-block}<\/style>\t\t\t\t\t\t\t\t\t\t\t\t<img decoding=\"async\" src=\"https:\/\/lh3.googleusercontent.com\/pw\/AP1GczNly5l40SYpdpa58gd7WMIyXNGNNSbyT-XwZbQMlJ4lsB5HrbsLD69cLpOboLg-8p82T-y9atcT0WGeJqH0el7LZl3IpTLYk262jPRXLiD8qiVlUg=w2400\" title=\"\" alt=\"\" loading=\"lazy\" \/>\t\t\t\t\t\t\t\t\t\t\t\t\t\t\t<\/div>\n\t\t\t\t<\/div>\n\t\t\t\t<div class=\"elementor-element elementor-element-2d23663 elementor-widget elementor-widget-text-editor\" data-id=\"2d23663\" data-element_type=\"widget\" data-widget_type=\"text-editor.default\">\n\t\t\t\t<div class=\"elementor-widget-container\">\n\t\t\t\t\t\t\t<p><strong>El Espacio de Cuidado y Juego<\/strong> es un lugar pensado para el <strong>bienestar de ni\u00f1os y ni\u00f1as<\/strong>, donde se promueve el juego, la contenci\u00f3n y el cuidado en un ambiente seguro y afectivo.<\/p>\n<p>Destinado a ni\u00f1as y ni\u00f1os de <strong>2 a 8 a\u00f1os<\/strong>, hijos e hijas de estudiantes del <strong>Instituto de Formaci\u00f3n Docente Continua<\/strong>, que no cuentan con adultos responsables para su cuidado durante el cursado.<\/p>\n<p>Las actividades se desarrollan desde una <strong>perspectiva l\u00fadica<\/strong>, respetando los tiempos y necesidades de cada ni\u00f1o o ni\u00f1a.<\/p>\n<p><strong>Horarios de atenci\u00f3n:<\/strong><br \/>Turno ma\u00f1ana:<br \/>\u2022 Lunes a viernes de 8 a 12 hs \u2013 <em>Se\u00f1o Laura Tripailao<\/em><\/p>\n<p>Turno tarde:<br \/>\u2022 Lunes de 16 a 20 hs<br \/>\u2022 Martes a jueves de 14 a 18 hs \u2013 <em>Se\u00f1o Gisela Zwenger<\/em><\/p>\n<p><strong>Inscripciones e informaci\u00f3n:<\/strong><br \/>Acercate a Secretar\u00eda o escribinos a:\u00a0<strong>secretaria-fi@ifdcregina.edu.ar<\/strong><\/p>\n<p>\u00a1Un espacio donde jugar, crecer y aprender van de la mano!<\/p>\n<p>\u00a0<\/p>\n<p>\u00a0<\/p>\t\t\t\t\t\t<\/div>\n\t\t\t\t<\/div>\n\t\t\t\t\t<\/div>\n\t\t<\/div>\n\t\t\t\t\t\t\t<\/div>\n\t\t<\/section>\n\t\t\t\t\t\t\t<\/div>\n\t\t","protected":false},"excerpt":{"rendered":"<p>El Espacio de Cuidado y Juego es un lugar pensado para el bienestar de ni\u00f1os y ni\u00f1as, donde se promueve el juego, la contenci\u00f3n y el cuidado en un ambiente seguro y afectivo. Destinado a ni\u00f1as y ni\u00f1os de 2 a 8 a\u00f1os, hijos e hijas de estudiantes del Instituto de Formaci\u00f3n Docente Continua, que [&hellip;]<\/p>\n","protected":false},"author":5,"featured_media":0,"comment_status":"closed","ping_status":"closed","sticky":false,"template":"","format":"standard","meta":{"footnotes":""},"categories":[1],"tags":[],"class_list":["post-3388","post","type-post","status-publish","format-standard","hentry","category-varios"],"_links":{"self":[{"href":"https:\/\/ifdcregina.edu.ar\/sitio\/wp-json\/wp\/v2\/posts\/3388","targetHints":{"allow":["GET"]}}],"collection":[{"href":"https:\/\/ifdcregina.edu.ar\/sitio\/wp-json\/wp\/v2\/posts"}],"about":[{"href":"https:\/\/ifdcregina.edu.ar\/sitio\/wp-json\/wp\/v2\/types\/post"}],"author":[{"embeddable":true,"href":"https:\/\/ifdcregina.edu.ar\/sitio\/wp-json\/wp\/v2\/users\/5"}],"replies":[{"embeddable":true,"href":"https:\/\/ifdcregina.edu.ar\/sitio\/wp-json\/wp\/v2\/comments?post=3388"}],"version-history":[{"count":15,"href":"https:\/\/ifdcregina.edu.ar\/sitio\/wp-json\/wp\/v2\/posts\/3388\/revisions"}],"predecessor-version":[{"id":3890,"href":"https:\/\/ifdcregina.edu.ar\/sitio\/wp-json\/wp\/v2\/posts\/3388\/revisions\/3890"}],"wp:attachment":[{"href":"https:\/\/ifdcregina.edu.ar\/sitio\/wp-json\/wp\/v2\/media?parent=3388"}],"wp:term":[{"taxonomy":"category","embeddable":true,"href":"https:\/\/ifdcregina.edu.ar\/sitio\/wp-json\/wp\/v2\/categories?post=3388"},{"taxonomy":"post_tag","embeddable":true,"href":"https:\/\/ifdcregina.edu.ar\/sitio\/wp-json\/wp\/v2\/tags?post=3388"}],"curies":[{"name":"wp","href":"https:\/\/api.w.org\/{rel}","templated":true}]}}